{"id":3608,"date":"2024-02-11T09:11:02","date_gmt":"2024-02-11T08:11:02","guid":{"rendered":"https:\/\/kg-saarland.gdpbundespolizeikoblenz.de\/?p=3608"},"modified":"2024-02-19T16:51:50","modified_gmt":"2024-02-19T15:51:50","slug":"gdp-warnt-vor-informationsverlusten-im-kampf-gegen-organisierte-kriminalitaet","status":"publish","type":"post","link":"https:\/\/kg-saarland.gdpbundespolizeikoblenz.de\/?p=3608","title":{"rendered":"GdP warnt vor Informationsverlusten im Kampf gegen Organisierte Kriminalit\u00e4t"},"content":{"rendered":"<p><time class=\"datetime\" datetime=\"2024-02-09\">9. Februar 2024, <\/time><i class=\"location\">Potsdam\/Berlin.<\/i><\/p>\n<h2 class=\"topline\">GdP zu Einsatz von V-Personen<\/h2>\n<header class=\"content-detail-header clearfix\">\n<div class=\"teaser\">\n<p class=\"abstract abstract-bold\"><a href=\"https:\/\/kg-saarland.gdpbundespolizeikoblenz.de\/wp-content\/uploads\/2024\/02\/LUPE.tif\"><img loading=\"lazy\" decoding=\"async\" class=\"wp-image-3610 alignleft\" src=\"https:\/\/kg-saarland.gdpbundespolizeikoblenz.de\/wp-content\/uploads\/2024\/02\/LUPE.tif\" alt=\"\" width=\"208\" height=\"134\" \/><\/a>Die Gewerkschaft der Polizei (GdP) \u00e4u\u00dfert erhebliche Bedenken gegen den vom Bundesjustizministerium vorgelegten Referentenentwurf. Dieser sieht strengere Regeln f\u00fcr den Einsatz von sogenannten Vertrauenspersonen vor. \u201eWer Informationen aus der H\u00f6lle m\u00f6chte, darf nicht die Engel fragen. Das beabsichtige Vorhaben wird erhebliche Auswirkungen auf die Ermittlungst\u00e4tigkeit der Sicherheitsbeh\u00f6rden haben. Damit w\u00fcrden wertvolle Erkenntnisse im Bereich der Organisierten Kriminalit\u00e4t verloren gehen\u201c, sage der stellvertretende GdP-Bundesvorsitzende Alexander Poitz am Freitag in Potsdam.<\/p>\n<\/div>\n<\/header>\n<div class=\"content content-rtf clearfix\"><span style=\"font-size: large;\">Unter anderem w\u00fcrden strengere Voraussetzungen f\u00fcr Vertrauenspersonen bestehen, \u00fcberdies solle deren Einsatz k\u00fcnftig richterlich angeordnet werden. Auch seien umfangreiche Dokumentations- und Begr\u00fcndungspflichten vorgesehen, so Poitz. <\/span><br \/>\n<span style=\"font-size: large;\">Gerade im Bereich der Schweren und Organisierten Kriminalit\u00e4t (OK) agierten T\u00e4ter unter Nutzung modernster Technologie konspirativ und international vernetzt, betonte der Gewerkschafter. \u201eDer Einsatz von Vertrauenspersonen ist zur Erkenntnisgewinnung in diesem Bereich unverzichtbar. Er leistet einen wesentlichen Beitrag zur Identifizierung von OK-Strukturen.\u201c<\/span><span style=\"font-size: large;\">Die Gewerkschaft der Polizei stehe im weiteren Verlauf des Gesetzgebungsverfahrens selbstverst\u00e4ndlich mit ihrer Expertise als Ansprechpartnerin zur Verf\u00fcgung, sagte der GdP-Vize.<\/span><\/div>\n<div><\/div>\n<div>Quelle: <a href=\"https:\/\/www.gdp.de\/gdp\/gdp.nsf\/id\/DE_GdP-warnt-vor-Informationsverlusten-im-Kampf-gegen-Organisierte-Kriminalitaet?open&amp;ccm=000\" target=\"_blank\" rel=\"noopener\">www.GdP.de<\/a><\/div>\n","protected":false},"excerpt":{"rendered":"<p>9. Februar 2024, Potsdam\/Berlin. GdP zu Einsatz von V-Personen Die Gewerkschaft der Polizei (GdP) \u00e4u\u00dfert erhebliche Bedenken gegen den vom Bundesjustizministerium vorgelegten Referentenentwurf. Dieser sieht strengere Regeln f\u00fcr den Einsatz von sogenannten Vertrauenspersonen vor. \u201eWer Informationen aus der H\u00f6lle m\u00f6chte, darf nicht die Engel fragen. Das beabsichtige Vorhaben wird erhebliche <a class=\"more-link\" href=\"https:\/\/kg-saarland.gdpbundespolizeikoblenz.de\/?p=3608\">Weiterlesen<span class=\"screen-reader-text\">GdP warnt vor Informationsverlusten im Kampf gegen Organisierte Kriminalit\u00e4t<\/span><span class=\"meta-nav\">&rarr;<\/span><\/a><\/p>\n","protected":false},"author":1,"featured_media":0,"comment_status":"closed","ping_status":"closed","sticky":false,"template":"","format":"standard","meta":{"footnotes":""},"categories":[73],"tags":[],"class_list":["post-3608","post","type-post","status-publish","format-standard","hentry","category-aktuell"],"_links":{"self":[{"href":"https:\/\/kg-saarland.gdpbundespolizeikoblenz.de\/index.php?rest_route=\/wp\/v2\/posts\/3608","targetHints":{"allow":["GET"]}}],"collection":[{"href":"https:\/\/kg-saarland.gdpbundespolizeikoblenz.de\/index.php?rest_route=\/wp\/v2\/posts"}],"about":[{"href":"https:\/\/kg-saarland.gdpbundespolizeikoblenz.de\/index.php?rest_route=\/wp\/v2\/types\/post"}],"author":[{"embeddable":true,"href":"https:\/\/kg-saarland.gdpbundespolizeikoblenz.de\/index.php?rest_route=\/wp\/v2\/users\/1"}],"replies":[{"embeddable":true,"href":"https:\/\/kg-saarland.gdpbundespolizeikoblenz.de\/index.php?rest_route=%2Fwp%2Fv2%2Fcomments&post=3608"}],"version-history":[{"count":0,"href":"https:\/\/kg-saarland.gdpbundespolizeikoblenz.de\/index.php?rest_route=\/wp\/v2\/posts\/3608\/revisions"}],"wp:attachment":[{"href":"https:\/\/kg-saarland.gdpbundespolizeikoblenz.de\/index.php?rest_route=%2Fwp%2Fv2%2Fmedia&parent=3608"}],"wp:term":[{"taxonomy":"category","embeddable":true,"href":"https:\/\/kg-saarland.gdpbundespolizeikoblenz.de\/index.php?rest_route=%2Fwp%2Fv2%2Fcategories&post=3608"},{"taxonomy":"post_tag","embeddable":true,"href":"https:\/\/kg-saarland.gdpbundespolizeikoblenz.de\/index.php?rest_route=%2Fwp%2Fv2%2Ftags&post=3608"}],"curies":[{"name":"wp","href":"https:\/\/api.w.org\/{rel}","templated":true}]}}