{"id":3856,"date":"2024-02-22T23:00:57","date_gmt":"2024-02-22T22:00:57","guid":{"rendered":"https:\/\/kg-saarland.gdpbundespolizeikoblenz.de\/?p=3856"},"modified":"2024-02-23T07:55:24","modified_gmt":"2024-02-23T06:55:24","slug":"mike-egner-in-den-ruhestand-verabschiedet","status":"publish","type":"post","link":"https:\/\/kg-saarland.gdpbundespolizeikoblenz.de\/?p=3856","title":{"rendered":"Mike Egner in den Ruhestand verabschiedet"},"content":{"rendered":"<p style=\"font-weight: 400; text-align: right;\">Bexbach, 22.02.2024<\/p>\n<p style=\"font-weight: 400;\"><strong>In seiner letzten Sitzung im \u00f6rtlichen Personalrat der BPOLI Saarbr\u00fccken wurde Mike Egner nach fast 44 Jahren Dienstzeit w\u00fcrdig in den Ruhestand verabschiedet.<\/strong><\/p>\n<figure id=\"attachment_3859\" aria-describedby=\"caption-attachment-3859\" style=\"width: 300px\" class=\"wp-caption alignleft\"><a href=\"https:\/\/kg-saarland.gdpbundespolizeikoblenz.de\/wp-content\/uploads\/2024\/02\/6054980a-ae4b-4bf5-95ea-91fb38708ebc.jpeg\" target=\"_blank\" rel=\"noopener\"><img loading=\"lazy\" decoding=\"async\" class=\"wp-image-3859 size-medium\" src=\"https:\/\/kg-saarland.gdpbundespolizeikoblenz.de\/wp-content\/uploads\/2024\/02\/6054980a-ae4b-4bf5-95ea-91fb38708ebc-300x291.jpeg\" alt=\"\" width=\"300\" height=\"291\" srcset=\"https:\/\/kg-saarland.gdpbundespolizeikoblenz.de\/wp-content\/uploads\/2024\/02\/6054980a-ae4b-4bf5-95ea-91fb38708ebc-300x291.jpeg 300w, https:\/\/kg-saarland.gdpbundespolizeikoblenz.de\/wp-content\/uploads\/2024\/02\/6054980a-ae4b-4bf5-95ea-91fb38708ebc-1024x994.jpeg 1024w, https:\/\/kg-saarland.gdpbundespolizeikoblenz.de\/wp-content\/uploads\/2024\/02\/6054980a-ae4b-4bf5-95ea-91fb38708ebc-768x745.jpeg 768w, https:\/\/kg-saarland.gdpbundespolizeikoblenz.de\/wp-content\/uploads\/2024\/02\/6054980a-ae4b-4bf5-95ea-91fb38708ebc.jpeg 1113w\" sizes=\"auto, (max-width: 300px) 100vw, 300px\" \/><\/a><figcaption id=\"caption-attachment-3859\" class=\"wp-caption-text\">Mike Egner, PD Robert Tachtler<\/figcaption><\/figure>\n<p style=\"font-weight: 400;\">Zuvor w\u00fcrdigte Leiter der BPOLI SB, Polizeidirektor Robert Tachtler die beachtliche Lebensleistung von Mike Egner und ging auf einzelne Stationen seines dienstlichen Wirkens ein.<\/p>\n<p style=\"font-weight: 400;\"><span style=\"font-family: 'Helvetica Neue', Helvetica, Arial, sans-serif; font-size: 15px; font-style: normal;\">Der Personalratsvorsitzende Werner Berger bedankte sich bei seinem Vorg\u00e4nger, der nicht nur 14 Jahre Vorsitzender im \u00d6PR der BPOLI Saarbr\u00fccken, sondern auch langj\u00e4hriges Mitglied im Gesamtpersonalrat der BPOLD Koblenz war, mit einem Pr\u00e4sent.<\/span><\/p>\n<p style=\"font-weight: 400;\">F\u00fcr die Gewerkschaft der Polizei (GdP) hielt Roland Voss eine Laudatio und w\u00fcrdigte die herausragende und langj\u00e4hrige Arbeit des ehemaligen Personalratsvorsitzenden.\u00a0 Mike Egner war vielen Kolleginnen und Kollegen als ruhig und besonnen bekannt, der mit seiner Weitsicht immer Kraft und Zuversicht ausstrahlte.<\/p>\n<figure id=\"attachment_3857\" aria-describedby=\"caption-attachment-3857\" style=\"width: 300px\" class=\"wp-caption alignright\"><a href=\"https:\/\/kg-saarland.gdpbundespolizeikoblenz.de\/wp-content\/uploads\/2024\/02\/FullSizeRender-scaled.jpeg\" target=\"_blank\" rel=\"noopener\"><img loading=\"lazy\" decoding=\"async\" class=\"wp-image-3857 size-medium\" src=\"https:\/\/kg-saarland.gdpbundespolizeikoblenz.de\/wp-content\/uploads\/2024\/02\/FullSizeRender-300x211.jpeg\" alt=\"\" width=\"300\" height=\"211\" srcset=\"https:\/\/kg-saarland.gdpbundespolizeikoblenz.de\/wp-content\/uploads\/2024\/02\/FullSizeRender-300x211.jpeg 300w, https:\/\/kg-saarland.gdpbundespolizeikoblenz.de\/wp-content\/uploads\/2024\/02\/FullSizeRender-1024x722.jpeg 1024w, https:\/\/kg-saarland.gdpbundespolizeikoblenz.de\/wp-content\/uploads\/2024\/02\/FullSizeRender-768x541.jpeg 768w, https:\/\/kg-saarland.gdpbundespolizeikoblenz.de\/wp-content\/uploads\/2024\/02\/FullSizeRender-1536x1082.jpeg 1536w, https:\/\/kg-saarland.gdpbundespolizeikoblenz.de\/wp-content\/uploads\/2024\/02\/FullSizeRender-2048x1443.jpeg 2048w\" sizes=\"auto, (max-width: 300px) 100vw, 300px\" \/><\/a><figcaption id=\"caption-attachment-3857\" class=\"wp-caption-text\">Bild v.l.n.r.: PD Tachtler, Mike Egner, Roland Voss und Werner Berger<\/figcaption><\/figure>\n<p style=\"font-weight: 400;\">Danach \u00fcberreichte Herr Tachtler die Ruhestandsurkunde, die Mike mit einigen pers\u00f6nlichen Dankesworte gerne entgegennahm.<\/p>\n<p style=\"font-weight: 400;\">Mike wird der ehrenamtlichen T\u00e4tigkeit im Vorstand der GdP-Kreisgruppe Saarland auch weiterhin verbunden bleiben.<\/p>\n<p style=\"font-weight: 400;\">Im Namen aller Kolleginnen und Kollegen w\u00fcnschen wir Mike einen interessanten neuen Lebensabschnitt und vor allem Gesundheit.<\/p>\n<figure id=\"attachment_3858\" aria-describedby=\"caption-attachment-3858\" style=\"width: 300px\" class=\"wp-caption alignleft\"><a href=\"https:\/\/kg-saarland.gdpbundespolizeikoblenz.de\/wp-content\/uploads\/2024\/02\/FullSizeRender-1-scaled.jpeg\" target=\"_blank\" rel=\"noopener\"><img loading=\"lazy\" decoding=\"async\" class=\"wp-image-3858 size-medium\" src=\"https:\/\/kg-saarland.gdpbundespolizeikoblenz.de\/wp-content\/uploads\/2024\/02\/FullSizeRender-1-300x178.jpeg\" alt=\"\" width=\"300\" height=\"178\" srcset=\"https:\/\/kg-saarland.gdpbundespolizeikoblenz.de\/wp-content\/uploads\/2024\/02\/FullSizeRender-1-300x178.jpeg 300w, https:\/\/kg-saarland.gdpbundespolizeikoblenz.de\/wp-content\/uploads\/2024\/02\/FullSizeRender-1-1024x608.jpeg 1024w, https:\/\/kg-saarland.gdpbundespolizeikoblenz.de\/wp-content\/uploads\/2024\/02\/FullSizeRender-1-768x456.jpeg 768w, https:\/\/kg-saarland.gdpbundespolizeikoblenz.de\/wp-content\/uploads\/2024\/02\/FullSizeRender-1-1536x913.jpeg 1536w, https:\/\/kg-saarland.gdpbundespolizeikoblenz.de\/wp-content\/uploads\/2024\/02\/FullSizeRender-1-2048x1217.jpeg 2048w\" sizes=\"auto, (max-width: 300px) 100vw, 300px\" \/><\/a><figcaption id=\"caption-attachment-3858\" class=\"wp-caption-text\">\u00d6PR der BPOLI SB<\/figcaption><\/figure>\n<p style=\"font-weight: 400;\"><strong> Vielen Dank f\u00fcr deine jahrelange exzellente Arbeit.<\/strong><\/p>\n<p style=\"font-weight: 400;\">\n","protected":false},"excerpt":{"rendered":"<p>Bexbach, 22.02.2024 In seiner letzten Sitzung im \u00f6rtlichen Personalrat der BPOLI Saarbr\u00fccken wurde Mike Egner nach fast 44 Jahren Dienstzeit w\u00fcrdig in den Ruhestand verabschiedet. Zuvor w\u00fcrdigte Leiter der BPOLI SB, Polizeidirektor Robert Tachtler die beachtliche Lebensleistung von Mike Egner und ging auf einzelne Stationen seines dienstlichen Wirkens ein. Der <a class=\"more-link\" href=\"https:\/\/kg-saarland.gdpbundespolizeikoblenz.de\/?p=3856\">Weiterlesen<span class=\"screen-reader-text\">Mike Egner in den Ruhestand verabschiedet<\/span><span class=\"meta-nav\">&rarr;<\/span><\/a><\/p>\n","protected":false},"author":7,"featured_media":3866,"comment_status":"closed","ping_status":"closed","sticky":false,"template":"","format":"standard","meta":{"footnotes":""},"categories":[73,15],"tags":[162,161,160,74],"class_list":["post-3856","post","type-post","status-publish","format-standard","has-post-thumbnail","hentry","category-aktuell","category-jubilaum","tag-egner","tag-gpr","tag-oepr","tag-ruhestand"],"_links":{"self":[{"href":"https:\/\/kg-saarland.gdpbundespolizeikoblenz.de\/index.php?rest_route=\/wp\/v2\/posts\/3856","targetHints":{"allow":["GET"]}}],"collection":[{"href":"https:\/\/kg-saarland.gdpbundespolizeikoblenz.de\/index.php?rest_route=\/wp\/v2\/posts"}],"about":[{"href":"https:\/\/kg-saarland.gdpbundespolizeikoblenz.de\/index.php?rest_route=\/wp\/v2\/types\/post"}],"author":[{"embeddable":true,"href":"https:\/\/kg-saarland.gdpbundespolizeikoblenz.de\/index.php?rest_route=\/wp\/v2\/users\/7"}],"replies":[{"embeddable":true,"href":"https:\/\/kg-saarland.gdpbundespolizeikoblenz.de\/index.php?rest_route=%2Fwp%2Fv2%2Fcomments&post=3856"}],"version-history":[{"count":5,"href":"https:\/\/kg-saarland.gdpbundespolizeikoblenz.de\/index.php?rest_route=\/wp\/v2\/posts\/3856\/revisions"}],"predecessor-version":[{"id":3867,"href":"https:\/\/kg-saarland.gdpbundespolizeikoblenz.de\/index.php?rest_route=\/wp\/v2\/posts\/3856\/revisions\/3867"}],"wp:featuredmedia":[{"embeddable":true,"href":"https:\/\/kg-saarland.gdpbundespolizeikoblenz.de\/index.php?rest_route=\/wp\/v2\/media\/3866"}],"wp:attachment":[{"href":"https:\/\/kg-saarland.gdpbundespolizeikoblenz.de\/index.php?rest_route=%2Fwp%2Fv2%2Fmedia&parent=3856"}],"wp:term":[{"taxonomy":"category","embeddable":true,"href":"https:\/\/kg-saarland.gdpbundespolizeikoblenz.de\/index.php?rest_route=%2Fwp%2Fv2%2Fcategories&post=3856"},{"taxonomy":"post_tag","embeddable":true,"href":"https:\/\/kg-saarland.gdpbundespolizeikoblenz.de\/index.php?rest_route=%2Fwp%2Fv2%2Ftags&post=3856"}],"curies":[{"name":"wp","href":"https:\/\/api.w.org\/{rel}","templated":true}]}}