{"id":3869,"date":"2024-05-15T05:46:47","date_gmt":"2024-05-15T03:46:47","guid":{"rendered":"https:\/\/kg-saarland.gdpbundespolizeikoblenz.de\/?p=3869"},"modified":"2024-05-25T12:37:57","modified_gmt":"2024-05-25T10:37:57","slug":"kandidatinnen-und-kandidaten-fuer-den-oepr-der-bpoli-saarbruecken","status":"publish","type":"post","link":"https:\/\/kg-saarland.gdpbundespolizeikoblenz.de\/?p=3869","title":{"rendered":"Kandidatinnen und Kandidaten f\u00fcr den \u00d6PR der BPOLI Saarbr\u00fccken"},"content":{"rendered":"<p>&nbsp;<\/p>\n<p><a href=\"https:\/\/kg-saarland.gdpbundespolizeikoblenz.de\/wp-content\/uploads\/2024\/03\/3-Personalratswahlen_2024_Bundespolizei_OePR-A4-10-Personen-21.02.2024.png\" target=\"_blank\" rel=\"noopener\"><img loading=\"lazy\" decoding=\"async\" class=\"aligncenter wp-image-4025 size-large\" src=\"https:\/\/kg-saarland.gdpbundespolizeikoblenz.de\/wp-content\/uploads\/2024\/03\/3-Personalratswahlen_2024_Bundespolizei_OePR-A4-10-Personen-21.02.2024-724x1024.png\" alt=\"\" width=\"724\" height=\"1024\" srcset=\"https:\/\/kg-saarland.gdpbundespolizeikoblenz.de\/wp-content\/uploads\/2024\/03\/3-Personalratswahlen_2024_Bundespolizei_OePR-A4-10-Personen-21.02.2024-724x1024.png 724w, https:\/\/kg-saarland.gdpbundespolizeikoblenz.de\/wp-content\/uploads\/2024\/03\/3-Personalratswahlen_2024_Bundespolizei_OePR-A4-10-Personen-21.02.2024-212x300.png 212w, https:\/\/kg-saarland.gdpbundespolizeikoblenz.de\/wp-content\/uploads\/2024\/03\/3-Personalratswahlen_2024_Bundespolizei_OePR-A4-10-Personen-21.02.2024-768x1086.png 768w, https:\/\/kg-saarland.gdpbundespolizeikoblenz.de\/wp-content\/uploads\/2024\/03\/3-Personalratswahlen_2024_Bundespolizei_OePR-A4-10-Personen-21.02.2024.png 794w\" sizes=\"auto, (max-width: 724px) 100vw, 724px\" \/><\/a><\/p>\n<p><strong>Die weiteren Pl\u00e4tze:<\/strong><\/p>\n<p>Dirk Riefer<br \/>\nHeiko Dinkuhn<br \/>\nChristoph Hohlfeld<br \/>\nAndreas Biewer<br \/>\nOliver Hohm<br \/>\nG\u00fcnther M\u00fcller<br \/>\nAndr\u00e9 Gargosch<br \/>\nAlexander WEbel<br \/>\nAndreas Brack<br \/>\nMarkus Bruhn<br \/>\nAndreas H\u00e4cker<br \/>\nSascha Spies<br \/>\nJ\u00f6rg Weber<\/p>\n<p><img loading=\"lazy\" decoding=\"async\" class=\"alignnone size-medium wp-image-3926\" src=\"https:\/\/kg-saarland.gdpbundespolizeikoblenz.de\/wp-content\/uploads\/2024\/02\/04-Wahlen-300x84.png\" alt=\"\" width=\"300\" height=\"84\" srcset=\"https:\/\/kg-saarland.gdpbundespolizeikoblenz.de\/wp-content\/uploads\/2024\/02\/04-Wahlen-300x84.png 300w, https:\/\/kg-saarland.gdpbundespolizeikoblenz.de\/wp-content\/uploads\/2024\/02\/04-Wahlen-1024x286.png 1024w, https:\/\/kg-saarland.gdpbundespolizeikoblenz.de\/wp-content\/uploads\/2024\/02\/04-Wahlen-768x215.png 768w, https:\/\/kg-saarland.gdpbundespolizeikoblenz.de\/wp-content\/uploads\/2024\/02\/04-Wahlen-1536x429.png 1536w, https:\/\/kg-saarland.gdpbundespolizeikoblenz.de\/wp-content\/uploads\/2024\/02\/04-Wahlen-2048x572.png 2048w\" sizes=\"auto, (max-width: 300px) 100vw, 300px\" \/><\/p>\n<h3 class=\"panel-heading\">13. bis 15. Mai 2024: Deine Stimme f\u00fcr Deine GdP!<\/h3>\n<p>\u201ePersonalratswahl? Geht mich nix an!\u201c denkst Du vielleicht gerade. Das stimmt aber nicht. Denn: Nur mit Hilfe einer starken Personalvertretung kannst Du direkt Einfluss auf anstehende Entscheidungen nehmen. Und somit auf wichtige Fragen Deines Dienstalltags und Deiner pers\u00f6nlichen Zukunft.<\/p>\n<p>Mit der Abgabe Deiner Stimme \u00fcbernimmst Du Verantwortung. Personalr\u00e4te werden dadurch legitimiert, dass m\u00f6glichst viele f\u00fcr sie gestimmt haben. Gibst Du Deine Stimme hingegen nicht ab, entscheiden andere dar\u00fcber, wer Dich vertritt.<\/p>\n<p>Und dazu kommt jetzt ein Punkt, der wie eine Floskel klingt: Jede Stimme z\u00e4hlt. Das ist aber definitiv keine Floskel, das ist die Realit\u00e4t. Heute mehr denn je! Eine Stimme kann entscheidend sein, ob eine Mehrheit zustande kommt, ob Deine Gewerkschaft ausreichend Sitze und damit Geh\u00f6r erh\u00e4lt.<\/p>\n<p>Also horche in Dich hinein: Willst Du alle kleinen und gro\u00dfen \u00c4rgernisse im Job einfach hinnehmen? Oder willst Du, dass Deine Rechte mit lauter Stimme und viel Durchsetzungskraft vertreten werden?<\/p>\n<p><b>Wir machen das f\u00fcr Dich!<\/b><\/p>\n<p><span style=\"font-size: 22px; font-weight: bold;\">Auf Nummer Sicher gehen und Briefwahl beantragen<\/span><\/p>\n<div class=\"content content-rtf clearfix\">\n<div class=\"panel panel-default\">\n<div class=\"panel-body\">\n<p>Da wir wissen, dass neben dem Job oft kaum Zeit bleibt, kannst Du Dir mit unserer Briefwahlanforderungskarte Deine pers\u00f6nlichen Briefwahlunterlagen ab dem 10. April 2024 bequem nach Hause schicken lassen. Die Briefwahlanforderungskarte bekommst Du als GdP-Mitglied direkt von uns nach Hause geschickt. Du kannst sie aber zus\u00e4tzlich auch bei Deiner GdP-Kreisgruppe vor Ort erhalten, falls Du Deine verlegt haben solltest.<\/p>\n<p>\u201eWarum soll ich denn Briefwahl machen?\u201c fragst Du Dich jetzt vielleicht. Ganz einfach: Um auf Nummer Sicher zu gehen! Die Einsatzlage und kurzfristige Diensteinteilungen f\u00fchren oft zu Dienstplan\u00e4nderungen. Wenn Du Pech hast, kommst Du vielleicht nicht dazu, Deine Stimme pers\u00f6nlich im Wahllokal abzugeben.<\/p>\n<p><u>Daher unser Tipp:<\/u><\/p>\n<ul type=\"disc\">\n<li>Bitte setze dich mit Deiner GdP in Verbindung, oder<\/li>\n<li>f\u00fclle schnellstm\u00f6glich die Briefwahlanforderungskarte aus, die von der GdP verschickt wurde und schick sie ab und fordere so Deine Briefwahlunterlagen bequem nach Hause an.<\/li>\n<li>Sobald die Briefwahlunterlagen ankommen, f\u00fclle sie bitte vollst\u00e4ndig aus und schicke sie auch schnellstm\u00f6glich ab.Wie das mit der Briefwahl funktioniert, kannst Du \u00fcbrigens im Folgenden nachlesen:<\/li>\n<\/ul>\n<\/div>\n<\/div>\n<\/div>\n<div class=\"content content-rtf clearfix\">\n<div class=\"panel panel-default\">\n<h3 class=\"panel-heading\">In vier Schritten zur Briefwahl<\/h3>\n<div class=\"panel-body\"><u>1. Schritt:<\/u><br \/>\nDeine Wahl treffen \u2013 auf allen vier Stimmzetteln: Bitte kreuze Deine Wahl auf jedem Stimmzettel in dem daf\u00fcr vorgesehenen Kreis an. Es gibt vier verschiedene Stimmzettel:<\/p>\n<ul type=\"disc\">\n<li>Bundespolizeihauptpersonalrat (BHPR)<\/li>\n<li>Bezirkspersonalrat (BPR)<\/li>\n<li>Gesamtpersonalrat (GPR)<\/li>\n<li>Personalrat (\u00d6PR)<\/li>\n<\/ul>\n<p><u>2. Schritt:<\/u><br \/>\nStimmzettel in den Wahlumschlag legen: Wenn Du Deine Wahl getroffen hast, packe bitte Deine Stimmzettel in den Umschlag mit dem Aufdruck Wahlumschlag und verschlie\u00dfe ihn.<\/p>\n<p><u>3. Schritt:<\/u><br \/>\nPers\u00f6nliche Erkl\u00e4rung unterschreiben: Bitte unterschreibe eigenh\u00e4ndig die vorgedruckte \u201eErkl\u00e4rung zur schriftlichen Stimmabgabe\u201c unter Angabe von Ort und Datum.<\/p>\n<p><u>4. Schritt:<\/u><br \/>\nAlles in den R\u00fcckumschlag und abschicken: Bitte lege die Pers\u00f6nliche Erkl\u00e4rung zusammen mit dem verschlossenen Wahlumschlag in den R\u00fcck\u00adumschlag. Verschlie\u00dfe diesen und sende ihn bitte rechtzeitig an den Wahlvorstand.<\/p>\n<\/div>\n<p><a href=\"https:\/\/kg-saarland.gdpbundespolizeikoblenz.de\/wp-content\/uploads\/2024\/02\/04-Wahlen.png\"><img loading=\"lazy\" decoding=\"async\" class=\"alignnone size-medium wp-image-3926\" src=\"https:\/\/kg-saarland.gdpbundespolizeikoblenz.de\/wp-content\/uploads\/2024\/02\/04-Wahlen-300x84.png\" alt=\"\" width=\"300\" height=\"84\" srcset=\"https:\/\/kg-saarland.gdpbundespolizeikoblenz.de\/wp-content\/uploads\/2024\/02\/04-Wahlen-300x84.png 300w, https:\/\/kg-saarland.gdpbundespolizeikoblenz.de\/wp-content\/uploads\/2024\/02\/04-Wahlen-1024x286.png 1024w, https:\/\/kg-saarland.gdpbundespolizeikoblenz.de\/wp-content\/uploads\/2024\/02\/04-Wahlen-768x215.png 768w, https:\/\/kg-saarland.gdpbundespolizeikoblenz.de\/wp-content\/uploads\/2024\/02\/04-Wahlen-1536x429.png 1536w, https:\/\/kg-saarland.gdpbundespolizeikoblenz.de\/wp-content\/uploads\/2024\/02\/04-Wahlen-2048x572.png 2048w\" sizes=\"auto, (max-width: 300px) 100vw, 300px\" \/><\/a><\/p>\n<\/div>\n<\/div>\n","protected":false},"excerpt":{"rendered":"<p>&nbsp; Die weiteren Pl\u00e4tze: Dirk Riefer Heiko Dinkuhn Christoph Hohlfeld Andreas Biewer Oliver Hohm G\u00fcnther M\u00fcller Andr\u00e9 Gargosch Alexander WEbel Andreas Brack Markus Bruhn Andreas H\u00e4cker Sascha Spies J\u00f6rg Weber 13. bis 15. Mai 2024: Deine Stimme f\u00fcr Deine GdP! \u201ePersonalratswahl? Geht mich nix an!\u201c denkst Du vielleicht gerade. Das <a class=\"more-link\" href=\"https:\/\/kg-saarland.gdpbundespolizeikoblenz.de\/?p=3869\">Weiterlesen<span class=\"screen-reader-text\">Kandidatinnen und Kandidaten f\u00fcr den \u00d6PR der BPOLI Saarbr\u00fccken<\/span><span class=\"meta-nav\">&rarr;<\/span><\/a><\/p>\n","protected":false},"author":7,"featured_media":4025,"comment_status":"closed","ping_status":"closed","sticky":false,"template":"","format":"standard","meta":{"footnotes":""},"categories":[163],"tags":[],"class_list":["post-3869","post","type-post","status-publish","format-standard","has-post-thumbnail","hentry","category-oepr"],"_links":{"self":[{"href":"https:\/\/kg-saarland.gdpbundespolizeikoblenz.de\/index.php?rest_route=\/wp\/v2\/posts\/3869","targetHints":{"allow":["GET"]}}],"collection":[{"href":"https:\/\/kg-saarland.gdpbundespolizeikoblenz.de\/index.php?rest_route=\/wp\/v2\/posts"}],"about":[{"href":"https:\/\/kg-saarland.gdpbundespolizeikoblenz.de\/index.php?rest_route=\/wp\/v2\/types\/post"}],"author":[{"embeddable":true,"href":"https:\/\/kg-saarland.gdpbundespolizeikoblenz.de\/index.php?rest_route=\/wp\/v2\/users\/7"}],"replies":[{"embeddable":true,"href":"https:\/\/kg-saarland.gdpbundespolizeikoblenz.de\/index.php?rest_route=%2Fwp%2Fv2%2Fcomments&post=3869"}],"version-history":[{"count":5,"href":"https:\/\/kg-saarland.gdpbundespolizeikoblenz.de\/index.php?rest_route=\/wp\/v2\/posts\/3869\/revisions"}],"predecessor-version":[{"id":4053,"href":"https:\/\/kg-saarland.gdpbundespolizeikoblenz.de\/index.php?rest_route=\/wp\/v2\/posts\/3869\/revisions\/4053"}],"wp:featuredmedia":[{"embeddable":true,"href":"https:\/\/kg-saarland.gdpbundespolizeikoblenz.de\/index.php?rest_route=\/wp\/v2\/media\/4025"}],"wp:attachment":[{"href":"https:\/\/kg-saarland.gdpbundespolizeikoblenz.de\/index.php?rest_route=%2Fwp%2Fv2%2Fmedia&parent=3869"}],"wp:term":[{"taxonomy":"category","embeddable":true,"href":"https:\/\/kg-saarland.gdpbundespolizeikoblenz.de\/index.php?rest_route=%2Fwp%2Fv2%2Fcategories&post=3869"},{"taxonomy":"post_tag","embeddable":true,"href":"https:\/\/kg-saarland.gdpbundespolizeikoblenz.de\/index.php?rest_route=%2Fwp%2Fv2%2Ftags&post=3869"}],"curies":[{"name":"wp","href":"https:\/\/api.w.org\/{rel}","templated":true}]}}