{"id":3989,"date":"2024-03-10T17:19:37","date_gmt":"2024-03-10T16:19:37","guid":{"rendered":"https:\/\/kg-saarland.gdpbundespolizeikoblenz.de\/?p=3989"},"modified":"2024-03-18T20:37:09","modified_gmt":"2024-03-18T19:37:09","slug":"pensionen-sind-nicht-antastbar","status":"publish","type":"post","link":"https:\/\/kg-saarland.gdpbundespolizeikoblenz.de\/?p=3989","title":{"rendered":"Pensionen sind nicht antastbar!"},"content":{"rendered":"<p><a href=\"https:\/\/kg-saarland.gdpbundespolizeikoblenz.de\/wp-content\/uploads\/2024\/03\/Pensionen.jpeg\" target=\"_blank\" rel=\"noopener\"><img loading=\"lazy\" decoding=\"async\" class=\"alignnone size-medium wp-image-3987\" src=\"https:\/\/kg-saarland.gdpbundespolizeikoblenz.de\/wp-content\/uploads\/2024\/03\/Pensionen-300x300.jpeg\" alt=\"\" width=\"300\" height=\"300\" srcset=\"https:\/\/kg-saarland.gdpbundespolizeikoblenz.de\/wp-content\/uploads\/2024\/03\/Pensionen-300x300.jpeg 300w, https:\/\/kg-saarland.gdpbundespolizeikoblenz.de\/wp-content\/uploads\/2024\/03\/Pensionen-150x150.jpeg 150w, https:\/\/kg-saarland.gdpbundespolizeikoblenz.de\/wp-content\/uploads\/2024\/03\/Pensionen-768x768.jpeg 768w, https:\/\/kg-saarland.gdpbundespolizeikoblenz.de\/wp-content\/uploads\/2024\/03\/Pensionen.jpeg 960w\" sizes=\"auto, (max-width: 300px) 100vw, 300px\" \/><\/a><\/p>\n<header class=\"content-detail-header clearfix\">\n<div class=\"teaser\">\n<p class=\"abstract\"><strong>Der GdP-Bundesvorsitzende Jochen Kopelke hat in einer Presseerkl\u00e4rung klargestellt, dass die Pensionen der Beamtinnen und Beamten auch angesichts der aktuellen Diskussion \u00fcber eine zuk\u00fcnftige Ausweitung der gesetzlichen Rentenversicherung auf zus\u00e4tzliche Gruppen nicht antastbar sind und eine Beitragspflicht in die Rentenkassen f\u00fcr die GdP auch k\u00fcnftig nicht in Frage kommt.<\/strong><\/p>\n<\/div>\n<\/header>\n<div class=\"content content-rtf clearfix\">\n<p>Auch Andreas Ro\u00dfkopf, Vorsitzender des GdP-Bezirks Bundespolizei | Zoll, erinnert vorsorglich daran, dass sich bereits 2018 der Bundeskongress der GdP (Antrag D032) und 2022 auch der Bundeskongress des Deutschen Gewerkschaftsbundes (Antrag B001) ganz klar und eindeutig gegen eine Einbeziehung der Beamtinnen und Beamten in die gesetzliche Rentenversicherung ausgesprochen haben.<\/p>\n<\/div>\n<p>Die Pressemeldung des GdP-Bundesvorsitzenden findet ihr hier: <a href=\"https:\/\/kg-saarland.gdpbundespolizeikoblenz.de\/wp-content\/uploads\/2024\/03\/GdP-09.03.2024p_09022024_GdP_Pensionen_erhalten.pdf\" target=\"_blank\" rel=\"noopener\">GdP: Pensionen erhalten.jpg<\/a><\/p>\n<p>Weitere Informationen auf der Homepage der <a href=\"https:\/\/www.gdp.de\/gdp\/gdpbupo.nsf\/id\/DE_Pensionen-sind-nicht-antastbar?open&amp;ccm=000\" target=\"_blank\" rel=\"noopener\">GdP Bundespolizei<\/a><\/p>\n","protected":false},"excerpt":{"rendered":"<p>Der GdP-Bundesvorsitzende Jochen Kopelke hat in einer Presseerkl\u00e4rung klargestellt, dass die Pensionen der Beamtinnen und Beamten auch angesichts der aktuellen Diskussion \u00fcber eine zuk\u00fcnftige Ausweitung der gesetzlichen Rentenversicherung auf zus\u00e4tzliche Gruppen nicht antastbar sind und eine Beitragspflicht in die Rentenkassen f\u00fcr die GdP auch k\u00fcnftig nicht in Frage kommt. Auch <a class=\"more-link\" href=\"https:\/\/kg-saarland.gdpbundespolizeikoblenz.de\/?p=3989\">Weiterlesen<span class=\"screen-reader-text\">Pensionen sind nicht antastbar!<\/span><span class=\"meta-nav\">&rarr;<\/span><\/a><\/p>\n","protected":false},"author":7,"featured_media":3987,"comment_status":"closed","ping_status":"closed","sticky":false,"template":"","format":"standard","meta":{"footnotes":""},"categories":[1],"tags":[],"class_list":["post-3989","post","type-post","status-publish","format-standard","has-post-thumbnail","hentry","category-uncategorized"],"_links":{"self":[{"href":"https:\/\/kg-saarland.gdpbundespolizeikoblenz.de\/index.php?rest_route=\/wp\/v2\/posts\/3989","targetHints":{"allow":["GET"]}}],"collection":[{"href":"https:\/\/kg-saarland.gdpbundespolizeikoblenz.de\/index.php?rest_route=\/wp\/v2\/posts"}],"about":[{"href":"https:\/\/kg-saarland.gdpbundespolizeikoblenz.de\/index.php?rest_route=\/wp\/v2\/types\/post"}],"author":[{"embeddable":true,"href":"https:\/\/kg-saarland.gdpbundespolizeikoblenz.de\/index.php?rest_route=\/wp\/v2\/users\/7"}],"replies":[{"embeddable":true,"href":"https:\/\/kg-saarland.gdpbundespolizeikoblenz.de\/index.php?rest_route=%2Fwp%2Fv2%2Fcomments&post=3989"}],"version-history":[{"count":5,"href":"https:\/\/kg-saarland.gdpbundespolizeikoblenz.de\/index.php?rest_route=\/wp\/v2\/posts\/3989\/revisions"}],"predecessor-version":[{"id":4054,"href":"https:\/\/kg-saarland.gdpbundespolizeikoblenz.de\/index.php?rest_route=\/wp\/v2\/posts\/3989\/revisions\/4054"}],"wp:featuredmedia":[{"embeddable":true,"href":"https:\/\/kg-saarland.gdpbundespolizeikoblenz.de\/index.php?rest_route=\/wp\/v2\/media\/3987"}],"wp:attachment":[{"href":"https:\/\/kg-saarland.gdpbundespolizeikoblenz.de\/index.php?rest_route=%2Fwp%2Fv2%2Fmedia&parent=3989"}],"wp:term":[{"taxonomy":"category","embeddable":true,"href":"https:\/\/kg-saarland.gdpbundespolizeikoblenz.de\/index.php?rest_route=%2Fwp%2Fv2%2Fcategories&post=3989"},{"taxonomy":"post_tag","embeddable":true,"href":"https:\/\/kg-saarland.gdpbundespolizeikoblenz.de\/index.php?rest_route=%2Fwp%2Fv2%2Ftags&post=3989"}],"curies":[{"name":"wp","href":"https:\/\/api.w.org\/{rel}","templated":true}]}}