{"id":4266,"date":"2024-05-16T08:57:36","date_gmt":"2024-05-16T06:57:36","guid":{"rendered":"https:\/\/kg-saarland.gdpbundespolizeikoblenz.de\/?p=4266"},"modified":"2024-05-16T08:58:50","modified_gmt":"2024-05-16T06:58:50","slug":"gdp-wahlsieger-in-der-bpoli-saarbruecken-und-in-der-bpold-koblenz","status":"publish","type":"post","link":"https:\/\/kg-saarland.gdpbundespolizeikoblenz.de\/?p=4266","title":{"rendered":"GdP Wahlsieger in der BPOLI Saarbr\u00fccken und in der BPOLD Koblenz"},"content":{"rendered":"<div>\n<p style=\"font-weight: 400;\"><strong><u><a href=\"https:\/\/kg-saarland.gdpbundespolizeikoblenz.de\/wp-content\/uploads\/2024\/05\/IMG_0303.jpg\" target=\"_blank\" rel=\"noopener\"><img loading=\"lazy\" decoding=\"async\" class=\"alignleft wp-image-4267 size-thumbnail\" src=\"https:\/\/kg-saarland.gdpbundespolizeikoblenz.de\/wp-content\/uploads\/2024\/05\/IMG_0303-150x150.jpg\" alt=\"\" width=\"150\" height=\"150\" \/><\/a>GdP Wahlsieger in der BPOLI Saarbr\u00fccken <\/u><\/strong><strong><u>und in der BPOLD Koblenz<\/u><\/strong><\/p>\n<\/div>\n<div><b>Bei der Wahl des <u>\u00d6rtlichen Personalrates <\/u>der BPOLI Saarbr\u00fccken erlangte die GdP &#8211; 8 \u2013 von \u2013 9 &#8211; Sitzen und im <u>Gesamtpersonalrates<\/u> in der BPOLD Koblenz erlangte die GdP \u2013 11 \u2013 von \u2013 15 \u2013 Sitzen.<\/b><\/div>\n<div><\/div>\n<div><\/div>\n<div><\/div>\n<div><\/div>\n<div>\n<p style=\"font-weight: 400;\"><strong><u>F\u00fcr Euch im \u00d6PR der BPOLI Saarbr\u00fccken:<\/u><\/strong><\/p>\n<p style=\"font-weight: 400;\">Werner Berger, Roland Voss, Christina Maas, Dirk Schlouck, Hassan Baghal, Tanja Porsch, Michael R\u00f6der und Jari Eisenbeis.<\/p>\n<p style=\"font-weight: 400;\">Ersatzmitglieder sind: Michael Jacobs, Joachim Schaum, Dirk Riefer, Heiko Dinkuhn, Christoph Hohlfeld, Andreas Biewer, Oliver Hohm, G\u00fcnther M\u00fcller, Andr\u00e9 Gargosch, Alexander Webel, Andreas Brack, Markus Bruhn, Andreas H\u00e4cker, Sascha Spies und J\u00f6rg Weber<\/p>\n<p style=\"font-weight: 400;\"><strong><u>F\u00fcr Euch im GPR der BPOLD Koblenz:<\/u><\/strong><\/p>\n<p style=\"font-weight: 400;\">Roland Voss, Helmut Seibert, Lutz Tasch, Christian Moog, Dirk Seim, Frank Klauck, Carsten Sottong, Vakkas Souyudogan, Hardy Immel, Hans-Gerd M\u00fcller und Victoria Kollmar.<\/p>\n<p style=\"font-weight: 400;\">\n<\/div>\n<p style=\"font-weight: 400; text-align: center;\"><strong>Die GdP bedankt sich bei allen\u00a0<\/strong><strong>W\u00e4hlerinnen und W\u00e4hlern<\/strong><\/p>\n<p>&nbsp;<\/p>\n<p>Aushang zum Ausdrucken: <a href=\"https:\/\/kg-saarland.gdpbundespolizeikoblenz.de\/wp-content\/uploads\/2024\/05\/01-Ergebnis-WAhlen-Personalrat-2024-1.pdf\" target=\"_blank\" rel=\"noopener\">01 Ergebnis Wahlen Personalrat 2024<\/a><\/p>\n","protected":false},"excerpt":{"rendered":"<p>GdP Wahlsieger in der BPOLI Saarbr\u00fccken und in der BPOLD Koblenz Bei der Wahl des \u00d6rtlichen Personalrates der BPOLI Saarbr\u00fccken erlangte die GdP &#8211; 8 \u2013 von \u2013 9 &#8211; Sitzen und im Gesamtpersonalrates in der BPOLD Koblenz erlangte die GdP \u2013 11 \u2013 von \u2013 15 \u2013 Sitzen. F\u00fcr <a class=\"more-link\" href=\"https:\/\/kg-saarland.gdpbundespolizeikoblenz.de\/?p=4266\">Weiterlesen<span class=\"screen-reader-text\">GdP Wahlsieger in der BPOLI Saarbr\u00fccken und in der BPOLD Koblenz<\/span><span class=\"meta-nav\">&rarr;<\/span><\/a><\/p>\n","protected":false},"author":7,"featured_media":0,"comment_status":"closed","ping_status":"closed","sticky":false,"template":"","format":"standard","meta":{"footnotes":""},"categories":[1],"tags":[85,42,48],"class_list":["post-4266","post","type-post","status-publish","format-standard","hentry","category-uncategorized","tag-briefwahl","tag-personalratswahlen","tag-wahl"],"_links":{"self":[{"href":"https:\/\/kg-saarland.gdpbundespolizeikoblenz.de\/index.php?rest_route=\/wp\/v2\/posts\/4266","targetHints":{"allow":["GET"]}}],"collection":[{"href":"https:\/\/kg-saarland.gdpbundespolizeikoblenz.de\/index.php?rest_route=\/wp\/v2\/posts"}],"about":[{"href":"https:\/\/kg-saarland.gdpbundespolizeikoblenz.de\/index.php?rest_route=\/wp\/v2\/types\/post"}],"author":[{"embeddable":true,"href":"https:\/\/kg-saarland.gdpbundespolizeikoblenz.de\/index.php?rest_route=\/wp\/v2\/users\/7"}],"replies":[{"embeddable":true,"href":"https:\/\/kg-saarland.gdpbundespolizeikoblenz.de\/index.php?rest_route=%2Fwp%2Fv2%2Fcomments&post=4266"}],"version-history":[{"count":5,"href":"https:\/\/kg-saarland.gdpbundespolizeikoblenz.de\/index.php?rest_route=\/wp\/v2\/posts\/4266\/revisions"}],"predecessor-version":[{"id":4278,"href":"https:\/\/kg-saarland.gdpbundespolizeikoblenz.de\/index.php?rest_route=\/wp\/v2\/posts\/4266\/revisions\/4278"}],"wp:attachment":[{"href":"https:\/\/kg-saarland.gdpbundespolizeikoblenz.de\/index.php?rest_route=%2Fwp%2Fv2%2Fmedia&parent=4266"}],"wp:term":[{"taxonomy":"category","embeddable":true,"href":"https:\/\/kg-saarland.gdpbundespolizeikoblenz.de\/index.php?rest_route=%2Fwp%2Fv2%2Fcategories&post=4266"},{"taxonomy":"post_tag","embeddable":true,"href":"https:\/\/kg-saarland.gdpbundespolizeikoblenz.de\/index.php?rest_route=%2Fwp%2Fv2%2Ftags&post=4266"}],"curies":[{"name":"wp","href":"https:\/\/api.w.org\/{rel}","templated":true}]}}