{"id":4367,"date":"2024-06-24T15:59:33","date_gmt":"2024-06-24T13:59:33","guid":{"rendered":"https:\/\/kg-saarland.gdpbundespolizeikoblenz.de\/?p=4367"},"modified":"2024-06-24T15:59:33","modified_gmt":"2024-06-24T13:59:33","slug":"pek-wie-geht-es-weiter-2","status":"publish","type":"post","link":"https:\/\/kg-saarland.gdpbundespolizeikoblenz.de\/?p=4367","title":{"rendered":"PEK &#8211; Wie geht es weiter?"},"content":{"rendered":"<p><a href=\"https:\/\/kg-saarland.gdpbundespolizeikoblenz.de\/wp-content\/uploads\/2024\/06\/Social-Media_PEK-verabschiedet.jpg\" target=\"_blank\" rel=\"noopener\"><img loading=\"lazy\" decoding=\"async\" class=\"alignleft wp-image-4369 size-medium\" src=\"https:\/\/kg-saarland.gdpbundespolizeikoblenz.de\/wp-content\/uploads\/2024\/06\/Social-Media_PEK-verabschiedet-300x300.jpg\" alt=\"\" width=\"300\" height=\"300\" srcset=\"https:\/\/kg-saarland.gdpbundespolizeikoblenz.de\/wp-content\/uploads\/2024\/06\/Social-Media_PEK-verabschiedet-300x300.jpg 300w, https:\/\/kg-saarland.gdpbundespolizeikoblenz.de\/wp-content\/uploads\/2024\/06\/Social-Media_PEK-verabschiedet-150x150.jpg 150w, https:\/\/kg-saarland.gdpbundespolizeikoblenz.de\/wp-content\/uploads\/2024\/06\/Social-Media_PEK-verabschiedet-768x768.jpg 768w, https:\/\/kg-saarland.gdpbundespolizeikoblenz.de\/wp-content\/uploads\/2024\/06\/Social-Media_PEK-verabschiedet.jpg 960w\" sizes=\"auto, (max-width: 300px) 100vw, 300px\" \/><\/a><strong>Bundespolizeihauptpersonalrat stimmt Rahmenkonzeption f\u00fcr ein neues PEK zu.<\/strong><\/p>\n<p>Zu dem PEK wurde bereits mehrmals informiert. Nun geht es weiter:<\/p>\n<p>Die Rahmenkonzeption f\u00fcr ein neues Personalentwicklungskonzept (PEK) wurde vom Bundespolizei-Hauptpersonalrat verabschiedet. Jetzt muss Innenministerin Nancy Faeser es nur noch zum 1. Juli in Kraft setzen.<\/p>\n<p>Das sind gute Nachrichten, denn mit dem neuen PEK wird eine Grundlage f\u00fcr ALLE Besch\u00e4ftigten in der Bundespolizei gelegt, sich pers\u00f6nlich beruflich weiterzuentwickeln.<\/p>\n<p>&nbsp;<\/p>\n<p><a href=\"https:\/\/kg-saarland.gdpbundespolizeikoblenz.de\/wp-content\/uploads\/2024\/06\/20240624_PEK-verabschiedet-scaled.jpg\" target=\"_blank\" rel=\"noopener\"><img loading=\"lazy\" decoding=\"async\" class=\"aligncenter wp-image-4370 size-full\" src=\"https:\/\/kg-saarland.gdpbundespolizeikoblenz.de\/wp-content\/uploads\/2024\/06\/20240624_PEK-verabschiedet-scaled.jpg\" alt=\"\" width=\"1810\" height=\"2560\" srcset=\"https:\/\/kg-saarland.gdpbundespolizeikoblenz.de\/wp-content\/uploads\/2024\/06\/20240624_PEK-verabschiedet-scaled.jpg 1810w, https:\/\/kg-saarland.gdpbundespolizeikoblenz.de\/wp-content\/uploads\/2024\/06\/20240624_PEK-verabschiedet-212x300.jpg 212w, https:\/\/kg-saarland.gdpbundespolizeikoblenz.de\/wp-content\/uploads\/2024\/06\/20240624_PEK-verabschiedet-724x1024.jpg 724w, https:\/\/kg-saarland.gdpbundespolizeikoblenz.de\/wp-content\/uploads\/2024\/06\/20240624_PEK-verabschiedet-768x1086.jpg 768w, https:\/\/kg-saarland.gdpbundespolizeikoblenz.de\/wp-content\/uploads\/2024\/06\/20240624_PEK-verabschiedet-1086x1536.jpg 1086w, https:\/\/kg-saarland.gdpbundespolizeikoblenz.de\/wp-content\/uploads\/2024\/06\/20240624_PEK-verabschiedet-1448x2048.jpg 1448w\" sizes=\"auto, (max-width: 1810px) 100vw, 1810px\" \/><\/a><\/p>\n","protected":false},"excerpt":{"rendered":"<p>Bundespolizeihauptpersonalrat stimmt Rahmenkonzeption f\u00fcr ein neues PEK zu. Zu dem PEK wurde bereits mehrmals informiert. Nun geht es weiter: Die Rahmenkonzeption f\u00fcr ein neues Personalentwicklungskonzept (PEK) wurde vom Bundespolizei-Hauptpersonalrat verabschiedet. Jetzt muss Innenministerin Nancy Faeser es nur noch zum 1. Juli in Kraft setzen. Das sind gute Nachrichten, denn mit <a class=\"more-link\" href=\"https:\/\/kg-saarland.gdpbundespolizeikoblenz.de\/?p=4367\">Weiterlesen<span class=\"screen-reader-text\">PEK &#8211; Wie geht es weiter?<\/span><span class=\"meta-nav\">&rarr;<\/span><\/a><\/p>\n","protected":false},"author":7,"featured_media":0,"comment_status":"closed","ping_status":"closed","sticky":false,"template":"","format":"standard","meta":{"footnotes":""},"categories":[1],"tags":[170],"class_list":["post-4367","post","type-post","status-publish","format-standard","hentry","category-uncategorized","tag-pek"],"_links":{"self":[{"href":"https:\/\/kg-saarland.gdpbundespolizeikoblenz.de\/index.php?rest_route=\/wp\/v2\/posts\/4367","targetHints":{"allow":["GET"]}}],"collection":[{"href":"https:\/\/kg-saarland.gdpbundespolizeikoblenz.de\/index.php?rest_route=\/wp\/v2\/posts"}],"about":[{"href":"https:\/\/kg-saarland.gdpbundespolizeikoblenz.de\/index.php?rest_route=\/wp\/v2\/types\/post"}],"author":[{"embeddable":true,"href":"https:\/\/kg-saarland.gdpbundespolizeikoblenz.de\/index.php?rest_route=\/wp\/v2\/users\/7"}],"replies":[{"embeddable":true,"href":"https:\/\/kg-saarland.gdpbundespolizeikoblenz.de\/index.php?rest_route=%2Fwp%2Fv2%2Fcomments&post=4367"}],"version-history":[{"count":2,"href":"https:\/\/kg-saarland.gdpbundespolizeikoblenz.de\/index.php?rest_route=\/wp\/v2\/posts\/4367\/revisions"}],"predecessor-version":[{"id":4373,"href":"https:\/\/kg-saarland.gdpbundespolizeikoblenz.de\/index.php?rest_route=\/wp\/v2\/posts\/4367\/revisions\/4373"}],"wp:attachment":[{"href":"https:\/\/kg-saarland.gdpbundespolizeikoblenz.de\/index.php?rest_route=%2Fwp%2Fv2%2Fmedia&parent=4367"}],"wp:term":[{"taxonomy":"category","embeddable":true,"href":"https:\/\/kg-saarland.gdpbundespolizeikoblenz.de\/index.php?rest_route=%2Fwp%2Fv2%2Fcategories&post=4367"},{"taxonomy":"post_tag","embeddable":true,"href":"https:\/\/kg-saarland.gdpbundespolizeikoblenz.de\/index.php?rest_route=%2Fwp%2Fv2%2Ftags&post=4367"}],"curies":[{"name":"wp","href":"https:\/\/api.w.org\/{rel}","templated":true}]}}