{"id":4400,"date":"2024-07-11T15:03:44","date_gmt":"2024-07-11T13:03:44","guid":{"rendered":"https:\/\/kg-saarland.gdpbundespolizeikoblenz.de\/?p=4400"},"modified":"2024-07-11T15:03:44","modified_gmt":"2024-07-11T13:03:44","slug":"mdb-manuel-hoeferlin-fdp-besucht-die-bpoli-saarbruecken","status":"publish","type":"post","link":"https:\/\/kg-saarland.gdpbundespolizeikoblenz.de\/?p=4400","title":{"rendered":"MdB Manuel H\u00f6ferlin (FDP) besucht die BPOLI Saarbr\u00fccken"},"content":{"rendered":"<p><a href=\"https:\/\/kg-saarland.gdpbundespolizeikoblenz.de\/wp-content\/uploads\/2024\/07\/IMG_1358.jpeg\" target=\"_blank\" rel=\"noopener\"><img loading=\"lazy\" decoding=\"async\" class=\"alignleft wp-image-4415 size-medium\" src=\"https:\/\/kg-saarland.gdpbundespolizeikoblenz.de\/wp-content\/uploads\/2024\/07\/IMG_1358-300x288.jpeg\" alt=\"\" width=\"300\" height=\"288\" srcset=\"https:\/\/kg-saarland.gdpbundespolizeikoblenz.de\/wp-content\/uploads\/2024\/07\/IMG_1358-300x288.jpeg 300w, https:\/\/kg-saarland.gdpbundespolizeikoblenz.de\/wp-content\/uploads\/2024\/07\/IMG_1358-1024x981.jpeg 1024w, https:\/\/kg-saarland.gdpbundespolizeikoblenz.de\/wp-content\/uploads\/2024\/07\/IMG_1358-768x736.jpeg 768w, https:\/\/kg-saarland.gdpbundespolizeikoblenz.de\/wp-content\/uploads\/2024\/07\/IMG_1358.jpeg 1106w\" sizes=\"auto, (max-width: 300px) 100vw, 300px\" \/><\/a>Am 09.07.2024 besuchte der innenpolitische Sprecher der FDP Bundestagsfraktion die BPOLI Saarbr\u00fccken. Von besonderem Interesse war die Arbeit anl\u00e4sslich der angeordneten Grenzkontrollen an der franz\u00f6sischen Grenze. \u00a0&#8222;Vor Ort kann man sich am Besten ein Bild von den aktuellen Einsatzma\u00dfnahmen der vor\u00fcbergehend wiedereingef\u00fchrten Grenzkontrollen anl\u00e4sslich der UEFA EURO 2024 machen&#8220;, so Roland Voss. Die Bundespolizeiinspektion Saarbr\u00fccken ist daf\u00fcr geradezu pr\u00e4destiniert.<\/p>\n<p>Der ausgewiesene Innenexperte nutzte die M\u00f6glichkeiten, sich mehrere Kontrollstellen der BPOLI Saarbr\u00fccken anzusehen und mit den Kolleginnen und Kollegen ins Gespr\u00e4ch zu kommen.<\/p>\n<p>Dabei gab es zu jederzeit einen interessanten Meinungsaustausch. Insgesamt kann festgehalten werden, dass die Kontrollen an der Grenze sehr erfolgreich sind. Gut erkennbar waren auch, die extremen Arbeitsbedingungen und die damit verbundenen Belastungen in den Kontrollstellen. Die Wetterbedingungen und die Anordnung von 12 Stunden-Schichten bei fehlender Infrastruktur an den Landbinnengrenzen sind im Kollegenkreis &#8222;Dauerthema&#8220; und bed\u00fcrfen einer erneuten Nachbereitung.<\/p>\n<p>Der Besuch bei der Bundespolizei von Herrn MdB Manuel H\u00f6ferlin ist auch Wertsch\u00e4tzung f\u00fcr die extrem schwierige Arbeit der Kolleginnen und Kollegen.<\/p>\n<p><strong>Als Dank f\u00fcr seinen Besucht bei der BPOLI Saarbr\u00fccken \u00fcberreichte Roland Voss dem Herrn H\u00f6ferlin ein GdP-EM-Patch.<\/strong><\/p>\n<p>Fotoeindr\u00fccke:<\/p>\n<p><a href=\"https:\/\/kg-saarland.gdpbundespolizeikoblenz.de\/wp-content\/uploads\/2024\/07\/d4eb37ac-a441-44eb-b705-6c50106de0f5.jpg\" target=\"_blank\" rel=\"noopener\"><img loading=\"lazy\" decoding=\"async\" class=\"alignleft wp-image-4414 size-medium\" src=\"https:\/\/kg-saarland.gdpbundespolizeikoblenz.de\/wp-content\/uploads\/2024\/07\/d4eb37ac-a441-44eb-b705-6c50106de0f5-300x225.jpg\" alt=\"\" width=\"300\" height=\"225\" srcset=\"https:\/\/kg-saarland.gdpbundespolizeikoblenz.de\/wp-content\/uploads\/2024\/07\/d4eb37ac-a441-44eb-b705-6c50106de0f5-300x225.jpg 300w, https:\/\/kg-saarland.gdpbundespolizeikoblenz.de\/wp-content\/uploads\/2024\/07\/d4eb37ac-a441-44eb-b705-6c50106de0f5-1024x768.jpg 1024w, https:\/\/kg-saarland.gdpbundespolizeikoblenz.de\/wp-content\/uploads\/2024\/07\/d4eb37ac-a441-44eb-b705-6c50106de0f5-768x576.jpg 768w, https:\/\/kg-saarland.gdpbundespolizeikoblenz.de\/wp-content\/uploads\/2024\/07\/d4eb37ac-a441-44eb-b705-6c50106de0f5-1536x1152.jpg 1536w, https:\/\/kg-saarland.gdpbundespolizeikoblenz.de\/wp-content\/uploads\/2024\/07\/d4eb37ac-a441-44eb-b705-6c50106de0f5.jpg 2048w\" sizes=\"auto, (max-width: 300px) 100vw, 300px\" \/><\/a><\/p>\n<p>&nbsp;<\/p>\n<p>&nbsp;<\/p>\n<p>&nbsp;<\/p>\n<p>&nbsp;<\/p>\n<p>&nbsp;<\/p>\n<p><a href=\"https:\/\/kg-saarland.gdpbundespolizeikoblenz.de\/wp-content\/uploads\/2024\/07\/8f963d64-03e6-473b-8fc0-2a4561a5e149.jpg\" target=\"_blank\" rel=\"noopener\"><img loading=\"lazy\" decoding=\"async\" class=\"alignleft wp-image-4412 size-medium\" src=\"https:\/\/kg-saarland.gdpbundespolizeikoblenz.de\/wp-content\/uploads\/2024\/07\/8f963d64-03e6-473b-8fc0-2a4561a5e149-300x225.jpg\" alt=\"\" width=\"300\" height=\"225\" srcset=\"https:\/\/kg-saarland.gdpbundespolizeikoblenz.de\/wp-content\/uploads\/2024\/07\/8f963d64-03e6-473b-8fc0-2a4561a5e149-300x225.jpg 300w, https:\/\/kg-saarland.gdpbundespolizeikoblenz.de\/wp-content\/uploads\/2024\/07\/8f963d64-03e6-473b-8fc0-2a4561a5e149-1024x768.jpg 1024w, https:\/\/kg-saarland.gdpbundespolizeikoblenz.de\/wp-content\/uploads\/2024\/07\/8f963d64-03e6-473b-8fc0-2a4561a5e149-768x576.jpg 768w, https:\/\/kg-saarland.gdpbundespolizeikoblenz.de\/wp-content\/uploads\/2024\/07\/8f963d64-03e6-473b-8fc0-2a4561a5e149-1536x1152.jpg 1536w, https:\/\/kg-saarland.gdpbundespolizeikoblenz.de\/wp-content\/uploads\/2024\/07\/8f963d64-03e6-473b-8fc0-2a4561a5e149.jpg 2048w\" sizes=\"auto, (max-width: 300px) 100vw, 300px\" \/><\/a><\/p>\n<p>&nbsp;<\/p>\n<p>&nbsp;<\/p>\n<p>&nbsp;<\/p>\n<p>&nbsp;<\/p>\n<p>&nbsp;<\/p>\n<p>&nbsp;<\/p>\n<p>&nbsp;<\/p>\n<p>&nbsp;<\/p>\n<p>&nbsp;<\/p>\n<p>&nbsp;<\/p>\n<p>&nbsp;<\/p>\n<p>&nbsp;<\/p>\n<p>&nbsp;<\/p>\n<p>&nbsp;<\/p>\n<p>&nbsp;<\/p>\n","protected":false},"excerpt":{"rendered":"<p>Am 09.07.2024 besuchte der innenpolitische Sprecher der FDP Bundestagsfraktion die BPOLI Saarbr\u00fccken. Von besonderem Interesse war die Arbeit anl\u00e4sslich der angeordneten Grenzkontrollen an der franz\u00f6sischen Grenze. \u00a0&#8222;Vor Ort kann man sich am Besten ein Bild von den aktuellen Einsatzma\u00dfnahmen der vor\u00fcbergehend wiedereingef\u00fchrten Grenzkontrollen anl\u00e4sslich der UEFA EURO 2024 machen&#8220;, so <a class=\"more-link\" href=\"https:\/\/kg-saarland.gdpbundespolizeikoblenz.de\/?p=4400\">Weiterlesen<span class=\"screen-reader-text\">MdB Manuel H\u00f6ferlin (FDP) besucht die BPOLI Saarbr\u00fccken<\/span><span class=\"meta-nav\">&rarr;<\/span><\/a><\/p>\n","protected":false},"author":7,"featured_media":0,"comment_status":"closed","ping_status":"closed","sticky":false,"template":"","format":"standard","meta":{"footnotes":""},"categories":[1],"tags":[],"class_list":["post-4400","post","type-post","status-publish","format-standard","hentry","category-uncategorized"],"_links":{"self":[{"href":"https:\/\/kg-saarland.gdpbundespolizeikoblenz.de\/index.php?rest_route=\/wp\/v2\/posts\/4400","targetHints":{"allow":["GET"]}}],"collection":[{"href":"https:\/\/kg-saarland.gdpbundespolizeikoblenz.de\/index.php?rest_route=\/wp\/v2\/posts"}],"about":[{"href":"https:\/\/kg-saarland.gdpbundespolizeikoblenz.de\/index.php?rest_route=\/wp\/v2\/types\/post"}],"author":[{"embeddable":true,"href":"https:\/\/kg-saarland.gdpbundespolizeikoblenz.de\/index.php?rest_route=\/wp\/v2\/users\/7"}],"replies":[{"embeddable":true,"href":"https:\/\/kg-saarland.gdpbundespolizeikoblenz.de\/index.php?rest_route=%2Fwp%2Fv2%2Fcomments&post=4400"}],"version-history":[{"count":5,"href":"https:\/\/kg-saarland.gdpbundespolizeikoblenz.de\/index.php?rest_route=\/wp\/v2\/posts\/4400\/revisions"}],"predecessor-version":[{"id":4426,"href":"https:\/\/kg-saarland.gdpbundespolizeikoblenz.de\/index.php?rest_route=\/wp\/v2\/posts\/4400\/revisions\/4426"}],"wp:attachment":[{"href":"https:\/\/kg-saarland.gdpbundespolizeikoblenz.de\/index.php?rest_route=%2Fwp%2Fv2%2Fmedia&parent=4400"}],"wp:term":[{"taxonomy":"category","embeddable":true,"href":"https:\/\/kg-saarland.gdpbundespolizeikoblenz.de\/index.php?rest_route=%2Fwp%2Fv2%2Fcategories&post=4400"},{"taxonomy":"post_tag","embeddable":true,"href":"https:\/\/kg-saarland.gdpbundespolizeikoblenz.de\/index.php?rest_route=%2Fwp%2Fv2%2Ftags&post=4400"}],"curies":[{"name":"wp","href":"https:\/\/api.w.org\/{rel}","templated":true}]}}