{"id":4450,"date":"2024-07-14T08:34:05","date_gmt":"2024-07-14T06:34:05","guid":{"rendered":"https:\/\/kg-saarland.gdpbundespolizeikoblenz.de\/?p=4450"},"modified":"2024-07-14T08:35:45","modified_gmt":"2024-07-14T06:35:45","slug":"gdp-em-einsatz-eine-spitzenleistung-unserer-polizei","status":"publish","type":"post","link":"https:\/\/kg-saarland.gdpbundespolizeikoblenz.de\/?p=4450","title":{"rendered":"GdP: EM Einsatz &#8211; Eine Spitzenleistung unserer Polizei"},"content":{"rendered":"<div class=\"xdj266r x11i5rnm xat24cr x1mh8g0r x1vvkbs x126k92a\">\n<div dir=\"auto\"><strong><a href=\"https:\/\/kg-saarland.gdpbundespolizeikoblenz.de\/wp-content\/uploads\/2024\/07\/IMG_1526.jpg\"><img loading=\"lazy\" decoding=\"async\" class=\"aligncenter wp-image-4451 size-full\" src=\"https:\/\/kg-saarland.gdpbundespolizeikoblenz.de\/wp-content\/uploads\/2024\/07\/IMG_1526.jpg\" alt=\"\" width=\"1200\" height=\"1200\" srcset=\"https:\/\/kg-saarland.gdpbundespolizeikoblenz.de\/wp-content\/uploads\/2024\/07\/IMG_1526.jpg 1200w, https:\/\/kg-saarland.gdpbundespolizeikoblenz.de\/wp-content\/uploads\/2024\/07\/IMG_1526-300x300.jpg 300w, https:\/\/kg-saarland.gdpbundespolizeikoblenz.de\/wp-content\/uploads\/2024\/07\/IMG_1526-1024x1024.jpg 1024w, https:\/\/kg-saarland.gdpbundespolizeikoblenz.de\/wp-content\/uploads\/2024\/07\/IMG_1526-150x150.jpg 150w, https:\/\/kg-saarland.gdpbundespolizeikoblenz.de\/wp-content\/uploads\/2024\/07\/IMG_1526-768x768.jpg 768w\" sizes=\"auto, (max-width: 1200px) 100vw, 1200px\" \/><\/a>Die Gewerkschaft der Polizei (GdP) gratuliert allen mit der Sicherheitslage w\u00e4hrend der Fu\u00dfballeuropameisterschaft betrauten Polizeibesch\u00e4ftigten zu einer absoluten Spitzenleistung.<\/strong><\/div>\n<\/div>\n<div class=\"x11i5rnm xat24cr x1mh8g0r x1vvkbs xtlvy1s x126k92a\">\n<div dir=\"auto\">Dass diese EM als weitestgehend friedliches und fr\u00f6hliches Fu\u00dfballfest in die Annalen eingehen werde, habe mit den vielen echten Fu\u00dfballfans und einer konsequent arbeitenden Polizei zu tun. Die wenigen Schattenseiten am Rande der EURO 2024 haben sich der GdP zufolge im erwartbaren Rahmen abgespielt. Dennoch seien gewaltt\u00e4tige \u00dcbergriffe auf Einsatzkr\u00e4fte in keiner Weise zu tolerieren.<\/div>\n<\/div>\n<div class=\"x11i5rnm xat24cr x1mh8g0r x1vvkbs xtlvy1s x126k92a\">\n<div dir=\"auto\">\u201eDie Polizei in der gesamten Bundesrepublik hat erneut eindrucksvoll bewiesen, dass sie Gro\u00dfeins\u00e4tze, auch \u00fcber mehrere Wochen, kann. Gelungen ist dies durch das unfassbare Engagement unserer Kolleginnen und Kollegen, eine umfassende Vorplanung und funktionierende Kommunikationswege\u201c, sagte der GdP-Bundesvorsitzende, Jochen Kopelke. Eine verdiente Atempause sei jedoch nicht in Sicht.<\/div>\n<\/div>\n<div class=\"x11i5rnm xat24cr x1mh8g0r x1vvkbs xtlvy1s x126k92a\">\n<div dir=\"auto\"><strong>So w\u00fcrden neben dem arbeitsreichen polizeilichen Alltag Grenzkontrollen fortgef\u00fchrt, und selbst die kommende Ligasaison werfe bereits ihre Schatten voraus. Zudem st\u00fcnden bald Eins\u00e4tze im Rahmen geplanter Castortransporte vor der T\u00fcr. Kopelke appellierte an Bundesinnenministerin Nancy Faeser, die Bundesbereitschaftspolizei von der Grenzsicherung zu entbinden. Diese Kr\u00e4fte w\u00fcrden zur Unterst\u00fctzung der Landespolizeien dringend ben\u00f6tigt. Kopelke forderte die Innenressortchefs in Bund und L\u00e4ndern zudem auf, die polizeiliche Drohnenabwehr weiter voranzutreiben.<\/strong><\/div>\n<\/div>\n<div class=\"x11i5rnm xat24cr x1mh8g0r x1vvkbs xtlvy1s x126k92a\">\n<div dir=\"auto\">Die GdP k\u00fcndigte an, direkt nach dem Turnier mit der Aufarbeitung des Einsatzes aus gewerkschaftlicher Sicht zu beginnen. Kopelke: \u201eUnsere Kolleginnen und Kollegen waren einer enormen Belastung ausgesetzt.\u201c Dies habe sich auch in der teils dauerhaften Anordnung von 13-Stunden-Arbeitstagen bei nicht selten extremen Temperaturen und nur minimalen Ruhezeiten gezeigt. \u201eWir werden sehr genau darauf achten, dass jede \u00dcberstundenminute gez\u00e4hlt wird und nichts unter den Tisch f\u00e4llt\u201c, betonte der GdP-Chef. Angeschaut w\u00fcrden ebenso die Unterbringung und Verpflegung der Einsatzkr\u00e4fte.<\/div>\n<div dir=\"auto\"><\/div>\n<div dir=\"auto\">Mehr unter: <a href=\"https:\/\/www.gdp.de\/bund\/de\/stories\/2024\/07\/-240714-bilanz-em-\" target=\"_blank\" rel=\"noopener\">Quelle: GdP-Bund www.gdp.de\u00a0<\/a><\/div>\n<\/div>\n","protected":false},"excerpt":{"rendered":"<p>Die Gewerkschaft der Polizei (GdP) gratuliert allen mit der Sicherheitslage w\u00e4hrend der Fu\u00dfballeuropameisterschaft betrauten Polizeibesch\u00e4ftigten zu einer absoluten Spitzenleistung. Dass diese EM als weitestgehend friedliches und fr\u00f6hliches Fu\u00dfballfest in die Annalen eingehen werde, habe mit den vielen echten Fu\u00dfballfans und einer konsequent arbeitenden Polizei zu tun. Die wenigen Schattenseiten am <a class=\"more-link\" href=\"https:\/\/kg-saarland.gdpbundespolizeikoblenz.de\/?p=4450\">Weiterlesen<span class=\"screen-reader-text\">GdP: EM Einsatz &#8211; Eine Spitzenleistung unserer Polizei<\/span><span class=\"meta-nav\">&rarr;<\/span><\/a><\/p>\n","protected":false},"author":7,"featured_media":4451,"comment_status":"closed","ping_status":"closed","sticky":false,"template":"","format":"standard","meta":{"footnotes":""},"categories":[1],"tags":[],"class_list":["post-4450","post","type-post","status-publish","format-standard","has-post-thumbnail","hentry","category-uncategorized"],"_links":{"self":[{"href":"https:\/\/kg-saarland.gdpbundespolizeikoblenz.de\/index.php?rest_route=\/wp\/v2\/posts\/4450","targetHints":{"allow":["GET"]}}],"collection":[{"href":"https:\/\/kg-saarland.gdpbundespolizeikoblenz.de\/index.php?rest_route=\/wp\/v2\/posts"}],"about":[{"href":"https:\/\/kg-saarland.gdpbundespolizeikoblenz.de\/index.php?rest_route=\/wp\/v2\/types\/post"}],"author":[{"embeddable":true,"href":"https:\/\/kg-saarland.gdpbundespolizeikoblenz.de\/index.php?rest_route=\/wp\/v2\/users\/7"}],"replies":[{"embeddable":true,"href":"https:\/\/kg-saarland.gdpbundespolizeikoblenz.de\/index.php?rest_route=%2Fwp%2Fv2%2Fcomments&post=4450"}],"version-history":[{"count":1,"href":"https:\/\/kg-saarland.gdpbundespolizeikoblenz.de\/index.php?rest_route=\/wp\/v2\/posts\/4450\/revisions"}],"predecessor-version":[{"id":4452,"href":"https:\/\/kg-saarland.gdpbundespolizeikoblenz.de\/index.php?rest_route=\/wp\/v2\/posts\/4450\/revisions\/4452"}],"wp:featuredmedia":[{"embeddable":true,"href":"https:\/\/kg-saarland.gdpbundespolizeikoblenz.de\/index.php?rest_route=\/wp\/v2\/media\/4451"}],"wp:attachment":[{"href":"https:\/\/kg-saarland.gdpbundespolizeikoblenz.de\/index.php?rest_route=%2Fwp%2Fv2%2Fmedia&parent=4450"}],"wp:term":[{"taxonomy":"category","embeddable":true,"href":"https:\/\/kg-saarland.gdpbundespolizeikoblenz.de\/index.php?rest_route=%2Fwp%2Fv2%2Fcategories&post=4450"},{"taxonomy":"post_tag","embeddable":true,"href":"https:\/\/kg-saarland.gdpbundespolizeikoblenz.de\/index.php?rest_route=%2Fwp%2Fv2%2Ftags&post=4450"}],"curies":[{"name":"wp","href":"https:\/\/api.w.org\/{rel}","templated":true}]}}