{"id":4474,"date":"2025-03-19T13:37:18","date_gmt":"2025-03-19T12:37:18","guid":{"rendered":"https:\/\/kg-saarland.gdpbundespolizeikoblenz.de\/?p=4474"},"modified":"2025-03-19T13:37:18","modified_gmt":"2025-03-19T12:37:18","slug":"tarifverhandlungen-2025-gescheitert","status":"publish","type":"post","link":"https:\/\/kg-saarland.gdpbundespolizeikoblenz.de\/?p=4474","title":{"rendered":"Tarifverhandlungen 2025 gescheitert"},"content":{"rendered":"<p><strong>Nach Scheitern der Verhandlungen bleibt unser Ziel: L\u00f6hne rauf, Belastung runter!<\/strong><\/p>\n<p>\u201eDass die Arb<a href=\"https:\/\/kg-saarland.gdpbundespolizeikoblenz.de\/wp-content\/uploads\/2025\/03\/IMG_7030.jpeg\" target=\"_blank\" rel=\"noopener\"><img loading=\"lazy\" decoding=\"async\" class=\"alignleft wp-image-4475 size-thumbnail\" src=\"https:\/\/kg-saarland.gdpbundespolizeikoblenz.de\/wp-content\/uploads\/2025\/03\/IMG_7030-150x150.jpeg\" alt=\"\" width=\"150\" height=\"150\" \/><\/a>eitgeber die Verhandlungen in der dritten Runde haben scheitern lassen, ist inakzeptabel. Nun haben wir gro\u00dfe Erwartungen an die Schlichtungsempfehlung. Unsere Besch\u00e4ftigten verdienen ein faires Schlichtungsangebot, mit dem wir weiterarbeiten k\u00f6nnen. Unser Ziel f\u00fcr die Kolleginnen und Kollegen bleibt weiterhin: L\u00f6hne rauf, Belastung runter\u201c, sagt Christian Ehringfeld, unser stellvertretender Bundesvorsitzender, verantwortlich f\u00fcr die Tarifpolitik.<\/p>\n<p>Als GdP sind wir ern\u00fcchtert \u00fcber das Scheitern der Tarifverhandlungen in Potsdam f\u00fcr die Besch\u00e4ftigten im Bund und den Kommunen. Nach vier intensiven Verhandlungstagen wurden die Verhandlungen von der Arbeitgeberseite f\u00fcr gescheitert erkl\u00e4rt, und die Schlichtung angerufen.<\/p>\n<p>Christian Ehringfeld weiter: \u201eTag f\u00fcr Tag leisten unsere Kolleginnen und Kollegen gro\u00dfartige Arbeit und l\u00f6sen Probleme. Doch wenn es um unsere eigenen Anliegen geht, bleiben die Arbeitgeber unt\u00e4tig. Trotz intensiver Verhandlungen schaffen sie es nicht, diese Tarifrunde z\u00fcgig und mit einem fairen Ergebnis abzuschlie\u00dfen.\u201c <a href=\"https:\/\/kg-saarland.gdpbundespolizeikoblenz.de\/wp-content\/uploads\/2025\/03\/IMG_6954-scaled.jpeg\" target=\"_blank\" rel=\"noopener\"><img loading=\"lazy\" decoding=\"async\" class=\"alignright wp-image-4476 size-thumbnail\" src=\"https:\/\/kg-saarland.gdpbundespolizeikoblenz.de\/wp-content\/uploads\/2025\/03\/IMG_6954-150x150.jpeg\" alt=\"\" width=\"150\" height=\"150\" \/><\/a><\/p>\n<p>Ehringfeld dankte allen Besch\u00e4ftigten, die mit Warnstreiks und Demonstrationen in den vergangenen Wochen den Druck auf die Arbeitgeber erh\u00f6ht haben.<\/p>\n<p>\u00dcber den weiteren zeitlichen Ablauf der nun folgenden Schlichtung informieren wir hier in K\u00fcrze.<\/p>\n<p>Mehr unter: <a href=\"https:\/\/www.gdp.de\/bund\/de\/unsere-themen\/tarif\/tarifrunden\/tarifrunde-tvoed-2025\" target=\"_blank\" rel=\"noopener\">Tarifrunde 2025<\/a><\/p>\n","protected":false},"excerpt":{"rendered":"<p>Nach Scheitern der Verhandlungen bleibt unser Ziel: L\u00f6hne rauf, Belastung runter! \u201eDass die Arbeitgeber die Verhandlungen in der dritten Runde haben scheitern lassen, ist inakzeptabel. Nun haben wir gro\u00dfe Erwartungen an die Schlichtungsempfehlung. Unsere Besch\u00e4ftigten verdienen ein faires Schlichtungsangebot, mit dem wir weiterarbeiten k\u00f6nnen. Unser Ziel f\u00fcr die Kolleginnen und <a class=\"more-link\" href=\"https:\/\/kg-saarland.gdpbundespolizeikoblenz.de\/?p=4474\">Weiterlesen<span class=\"screen-reader-text\">Tarifverhandlungen 2025 gescheitert<\/span><span class=\"meta-nav\">&rarr;<\/span><\/a><\/p>\n","protected":false},"author":7,"featured_media":0,"comment_status":"closed","ping_status":"closed","sticky":false,"template":"","format":"standard","meta":{"footnotes":""},"categories":[1],"tags":[177],"class_list":["post-4474","post","type-post","status-publish","format-standard","hentry","category-uncategorized","tag-tarifverhandlung"],"_links":{"self":[{"href":"https:\/\/kg-saarland.gdpbundespolizeikoblenz.de\/index.php?rest_route=\/wp\/v2\/posts\/4474","targetHints":{"allow":["GET"]}}],"collection":[{"href":"https:\/\/kg-saarland.gdpbundespolizeikoblenz.de\/index.php?rest_route=\/wp\/v2\/posts"}],"about":[{"href":"https:\/\/kg-saarland.gdpbundespolizeikoblenz.de\/index.php?rest_route=\/wp\/v2\/types\/post"}],"author":[{"embeddable":true,"href":"https:\/\/kg-saarland.gdpbundespolizeikoblenz.de\/index.php?rest_route=\/wp\/v2\/users\/7"}],"replies":[{"embeddable":true,"href":"https:\/\/kg-saarland.gdpbundespolizeikoblenz.de\/index.php?rest_route=%2Fwp%2Fv2%2Fcomments&post=4474"}],"version-history":[{"count":1,"href":"https:\/\/kg-saarland.gdpbundespolizeikoblenz.de\/index.php?rest_route=\/wp\/v2\/posts\/4474\/revisions"}],"predecessor-version":[{"id":4477,"href":"https:\/\/kg-saarland.gdpbundespolizeikoblenz.de\/index.php?rest_route=\/wp\/v2\/posts\/4474\/revisions\/4477"}],"wp:attachment":[{"href":"https:\/\/kg-saarland.gdpbundespolizeikoblenz.de\/index.php?rest_route=%2Fwp%2Fv2%2Fmedia&parent=4474"}],"wp:term":[{"taxonomy":"category","embeddable":true,"href":"https:\/\/kg-saarland.gdpbundespolizeikoblenz.de\/index.php?rest_route=%2Fwp%2Fv2%2Fcategories&post=4474"},{"taxonomy":"post_tag","embeddable":true,"href":"https:\/\/kg-saarland.gdpbundespolizeikoblenz.de\/index.php?rest_route=%2Fwp%2Fv2%2Ftags&post=4474"}],"curies":[{"name":"wp","href":"https:\/\/api.w.org\/{rel}","templated":true}]}}