{"id":4525,"date":"2025-05-07T11:07:14","date_gmt":"2025-05-07T09:07:14","guid":{"rendered":"https:\/\/kg-saarland.gdpbundespolizeikoblenz.de\/?p=4525"},"modified":"2025-05-07T11:07:14","modified_gmt":"2025-05-07T09:07:14","slug":"der-polizeibeauftragte-des-bundes-beim-deutschen-bundestag-zu-besuch-am-revier-goldene-bremm","status":"publish","type":"post","link":"https:\/\/kg-saarland.gdpbundespolizeikoblenz.de\/?p=4525","title":{"rendered":"Der Polizeibeauftragte des Bundes beim Deutschen Bundestag zu Besuch am Revier Goldene Bremm"},"content":{"rendered":"<h1 class=\"bt-artikel__title\"><strong><a href=\"https:\/\/kg-saarland.gdpbundespolizeikoblenz.de\/wp-content\/uploads\/2025\/05\/IMG_0584.jpeg\"><img loading=\"lazy\" decoding=\"async\" class=\"alignleft size-thumbnail wp-image-4527\" src=\"https:\/\/kg-saarland.gdpbundespolizeikoblenz.de\/wp-content\/uploads\/2025\/05\/IMG_0584-150x150.jpeg\" alt=\"\" width=\"150\" height=\"150\" \/><\/a>Der Polizeibeauftragte des Bundes beim Deutschen Bundestag besuchte am 05.05.25 das Revier Goldene Bremm der BPOLI SB. Er verschaffte sich einen \u00dcberblick \u00fcber die Aufgaben und sprach mit den Kolleginnen und Kollegen.\u00a0<\/strong><\/h1>\n<p><strong>Wer ist der Polizeibeauftragte des Bundes und was macht er:<\/strong><\/p>\n<p>Uli Gr\u00f6tsch ist der erste Polizeibeauftragte des Bundes beim Deutschen Bundestag. (\u00a9 Susi Knoll)<\/p>\n<p>Uli Gr\u00f6tsch ist seit M\u00e4rz 2024 der erste Polizeibeauftragte des Bundes. Seine Aufgabe ist es, strukturelle M\u00e4ngel und Fehlentwicklungen bei der Bundespolizei, dem Bundeskriminalamt und der Bundestagspolizei aufzudecken und zu untersuchen. Er ist au\u00dferdem Ansprechpartner f\u00fcr Besch\u00e4ftigte dieser Polizeibeh\u00f6rden des Bundes im Einzelfall, aber auch f\u00fcr B\u00fcrgerinnen und B\u00fcrger, die von polizeilichem Fehlverhalten betroffen sind. Mit dem Amt ist eine unabh\u00e4ngige und weisungsungebundene Vertrauensstelle beim Deutschen Bundestag geschaffen worden.<\/p>\n<h2 style=\"font-weight: 500;\">Hilfsorgan des Bundestages<\/h2>\n<p>Der Polizeibeauftragte wird vom Deutschen Bundestag als sein Hilfsorgan f\u00fcr f\u00fcnf Jahre in das Amt gew\u00e4hlt. Er ist in der Aus\u00fcbung seines Amtes unabh\u00e4ngig und nur dem Gesetz unterworfen. Zu seinen Kernaufgaben geh\u00f6rt es, Eingaben von B\u00fcrgerinnen und B\u00fcrgern sowie von Besch\u00e4ftigten der Polizeibeh\u00f6rden des Bundes \u00fcber polizeiliches Fehlverhalten von Besch\u00e4ftigten der Bundespolizei, des Bundeskriminalamtes und der Bundestagspolizei nachzugehen. Mit dem Amt ist erstmals eine unabh\u00e4ngige Stelle au\u00dferhalb der beh\u00f6rdlichen Strukturen der Polizeien des Bundes eingerichtet, die Fehlverhalten beziehungsweise strukturelle Missst\u00e4nde weisungsungebunden untersucht und bewertet. Diese neue niedrigschwellige M\u00f6glichkeit schlie\u00dft die L\u00fccke zu bereits bestehenden beh\u00f6rdeninternen Verwaltungsermittlungen, den M\u00f6glichkeiten des Disziplinar- und Arbeitsrechts und des Gerichtsweges.<\/p>\n<p>J\u00e4hrlich legt der Polizeibeauftragte dem Deutschen Bundestag und der \u00d6ffentlichkeit einen Bericht \u00fcber die Ergebnisse seiner T\u00e4tigkeit vor. Der Polizeibeauftragte des Bundes wird aus eigener Initiative oder aufgrund von Eingaben von Besch\u00e4ftigten der Polizeibeh\u00f6rden des Bundes oder von B\u00fcrgerinnen und B\u00fcrgern t\u00e4tig.<\/p>\n<p><b><strong>Jede und jeder Besch\u00e4ftigte der Polizeien des Bundes hat die M\u00f6glichkeit, sich direkt und ohne Einhaltung des Dienstweges an den Polizeibeauftragten\u00a0zu wenden<\/strong><\/b>:<\/p>\n<p>Der Polizeibeauftragte des Deutschen Bundestages<br \/>\nPlatz der Republik 1<br \/>\n11011 Berlin<\/p>\n<p>Telefon: <a href=\"tel:+49 (0)30 227 39900\">+49 (0)30 227 39900<\/a><br \/>\nFax: <a href=\"tel:+49 (0)30 227 39901\">+49 (0)30 227 39901<\/a><br \/>\nE-Mail:\u00a0<a href=\"mailto:polizeibeauftragter@bundestag.de\">polizeibeauftragter@bundestag.de<\/a><\/p>\n<h2>Weitere Informationen<\/h2>\n<ul>\n<li><a href=\"https:\/\/www.bundestag.de\/resource\/blob\/1038000\/f33ed64ea115af9dfaa9cb9cc99a5238\/lebenslauf.pdf\">Lebenslauf von Uli Gr\u00f6tsch<\/a><\/li>\n<\/ul>\n<h2>Kontakt<\/h2>\n<p><b><strong>Der Polizeibeauftragte des Bundes beim Deutschen Bundestag<\/strong><\/b><br \/>\nUli Gr\u00f6tsch<br \/>\nPlatz der Republik 1<br \/>\n11011 Berlin<br \/>\nGermany<\/p>\n<p>Telefon: <a href=\"tel:+49 (0)30 227 39900\">+49 (0)30 227 39900<\/a><br \/>\nFax: <a href=\"tel:+49 (0)30 227 39901\">+49 (0)30 227 39901<\/a><\/p>\n<p>E-Mail: <a href=\"mailto:polizeibeauftragter@bundestag.de\">polizeibeauftragter@bundestag.de<\/a><\/p>\n","protected":false},"excerpt":{"rendered":"<p>Der Polizeibeauftragte des Bundes beim Deutschen Bundestag besuchte am 05.05.25 das Revier Goldene Bremm der BPOLI SB. Er verschaffte sich einen \u00dcberblick \u00fcber die Aufgaben und sprach mit den Kolleginnen und Kollegen.\u00a0 Wer ist der Polizeibeauftragte des Bundes und was macht er: Uli Gr\u00f6tsch ist der erste Polizeibeauftragte des Bundes <a class=\"more-link\" href=\"https:\/\/kg-saarland.gdpbundespolizeikoblenz.de\/?p=4525\">Weiterlesen<span class=\"screen-reader-text\">Der Polizeibeauftragte des Bundes beim Deutschen Bundestag zu Besuch am Revier Goldene Bremm<\/span><span class=\"meta-nav\">&rarr;<\/span><\/a><\/p>\n","protected":false},"author":7,"featured_media":0,"comment_status":"closed","ping_status":"closed","sticky":false,"template":"","format":"standard","meta":{"footnotes":""},"categories":[1],"tags":[],"class_list":["post-4525","post","type-post","status-publish","format-standard","hentry","category-uncategorized"],"_links":{"self":[{"href":"https:\/\/kg-saarland.gdpbundespolizeikoblenz.de\/index.php?rest_route=\/wp\/v2\/posts\/4525","targetHints":{"allow":["GET"]}}],"collection":[{"href":"https:\/\/kg-saarland.gdpbundespolizeikoblenz.de\/index.php?rest_route=\/wp\/v2\/posts"}],"about":[{"href":"https:\/\/kg-saarland.gdpbundespolizeikoblenz.de\/index.php?rest_route=\/wp\/v2\/types\/post"}],"author":[{"embeddable":true,"href":"https:\/\/kg-saarland.gdpbundespolizeikoblenz.de\/index.php?rest_route=\/wp\/v2\/users\/7"}],"replies":[{"embeddable":true,"href":"https:\/\/kg-saarland.gdpbundespolizeikoblenz.de\/index.php?rest_route=%2Fwp%2Fv2%2Fcomments&post=4525"}],"version-history":[{"count":1,"href":"https:\/\/kg-saarland.gdpbundespolizeikoblenz.de\/index.php?rest_route=\/wp\/v2\/posts\/4525\/revisions"}],"predecessor-version":[{"id":4528,"href":"https:\/\/kg-saarland.gdpbundespolizeikoblenz.de\/index.php?rest_route=\/wp\/v2\/posts\/4525\/revisions\/4528"}],"wp:attachment":[{"href":"https:\/\/kg-saarland.gdpbundespolizeikoblenz.de\/index.php?rest_route=%2Fwp%2Fv2%2Fmedia&parent=4525"}],"wp:term":[{"taxonomy":"category","embeddable":true,"href":"https:\/\/kg-saarland.gdpbundespolizeikoblenz.de\/index.php?rest_route=%2Fwp%2Fv2%2Fcategories&post=4525"},{"taxonomy":"post_tag","embeddable":true,"href":"https:\/\/kg-saarland.gdpbundespolizeikoblenz.de\/index.php?rest_route=%2Fwp%2Fv2%2Ftags&post=4525"}],"curies":[{"name":"wp","href":"https:\/\/api.w.org\/{rel}","templated":true}]}}