{"id":4612,"date":"2025-07-05T16:36:50","date_gmt":"2025-07-05T14:36:50","guid":{"rendered":"https:\/\/kg-saarland.gdpbundespolizeikoblenz.de\/?p=4612"},"modified":"2025-07-06T11:21:58","modified_gmt":"2025-07-06T09:21:58","slug":"sommerfest-der-gdp-kreisgruppe-bundespolizei-saarland-2025","status":"publish","type":"post","link":"https:\/\/kg-saarland.gdpbundespolizeikoblenz.de\/?p=4612","title":{"rendered":"Sommerfest der GdP-Kreisgruppe Bundespolizei Saarland 2025 &#8211; Ehrungen durch Innenminister Jost"},"content":{"rendered":"<h3 data-start=\"202\" data-end=\"267\">\ud83c\udf1e Sommerfest 2025 der GdP-Kreisgruppe Bundespolizei Saarland<\/h3>\n<p data-start=\"269\" data-end=\"329\"><strong data-start=\"269\" data-end=\"329\">Ein Tag voller Gemeinschaft, Ehrungen und guter Stimmung. Innenminister Jost ehrt langj\u00e4hrige Mitglieder<\/strong><\/p>\n<p data-start=\"331\" data-end=\"696\">Am <strong data-start=\"334\" data-end=\"350\">4. Juli 2025<\/strong> feierten die GdP-Kreisgruppe Bundespolizei Saarland, die <strong data-start=\"408\" data-end=\"459\">IPA-Verbindungsstelle Bundespolizei Saarbr\u00fccken<\/strong> und die <strong data-start=\"468\" data-end=\"489\">BGS\/BPOL-Kameradschaft<\/strong> ein gemeinsames Sommerfest im <strong data-start=\"520\" data-end=\"541\">IPA-Heim Sulzbach<\/strong>. Rund 80 G\u00e4ste aus allen Bereichen der GdP-Familie kamen zusammen, um bei bestem Sommerwetter Gemeinschaft zu erleben und langj\u00e4hrige Mitglieder zu ehren.<\/p>\n<h4 data-start=\"698\" data-end=\"756\">\ud83c\udf96 Ehrungen f\u00fcr Jahrzehnte gelebte Gewerkschaftstreue durch Innenminister Jost<\/h4>\n<p data-start=\"758\" data-end=\"971\">Ein besonderer H\u00f6hepunkt des Tages waren die <strong data-start=\"803\" data-end=\"822\">Jubilarehrungen<\/strong>, die in feierlichem Rahmen durch <strong data-start=\"856\" data-end=\"887\">Innenminister Reinhold Jost, <\/strong>dem<strong data-start=\"856\" data-end=\"887\"> Kreisgruppenvorsitzenden Werner Berger <\/strong>und dem<strong data-start=\"856\" data-end=\"887\"> Vorstandsmitglied der GdP Bezirk BPOL\/Zoll Roland Voss<\/strong>\u00a0vorgenommen wurden. Insgesamt <strong data-start=\"918\" data-end=\"949\">19 Kolleginnen und Kollegen<\/strong> wurden ausgezeichnet:<\/p>\n<ul data-start=\"973\" data-end=\"1070\">\n<li data-start=\"973\" data-end=\"992\">\n<p data-start=\"975\" data-end=\"992\">\ud83d\udfe9 5 x 25 Jahre<\/p>\n<\/li>\n<li data-start=\"993\" data-end=\"1012\">\n<p data-start=\"995\" data-end=\"1012\">\ud83d\udfe8 6 x 40 Jahre<\/p>\n<\/li>\n<li data-start=\"1013\" data-end=\"1032\">\n<p data-start=\"1015\" data-end=\"1032\">\ud83d\udfe7 6 x 50 Jahre<\/p>\n<\/li>\n<li data-start=\"1033\" data-end=\"1052\">\n<p data-start=\"1035\" data-end=\"1052\">\ud83d\udfe5 1 x 60 Jahre<\/p>\n<\/li>\n<li data-start=\"1053\" data-end=\"1070\">\n<p data-start=\"1055\" data-end=\"1070\">\ud83d\udfe6 1 x 75 Jahre<\/p>\n<\/li>\n<\/ul>\n<p data-start=\"1072\" data-end=\"1100\"><strong data-start=\"1072\" data-end=\"1100\">Besonders hervorzuheben:<\/strong><\/p>\n<ul data-start=\"1101\" data-end=\"1313\">\n<li data-start=\"1101\" data-end=\"1165\">\n<p data-start=\"1103\" data-end=\"1165\"><strong data-start=\"1103\" data-end=\"1118\">Horst B\u00e4sel<\/strong> f\u00fcr unglaubliche <strong data-start=\"1136\" data-end=\"1148\">75 Jahre<\/strong> Mitgliedschaft<\/p>\n<\/li>\n<li data-start=\"1166\" data-end=\"1208\">\n<p data-start=\"1168\" data-end=\"1208\"><strong data-start=\"1168\" data-end=\"1182\">Kurt Ernst<\/strong> f\u00fcr stolze <strong data-start=\"1194\" data-end=\"1206\">60 Jahre<\/strong><\/p>\n<\/li>\n<li data-start=\"1209\" data-end=\"1313\">\n<p data-start=\"1211\" data-end=\"1313\">sowie <strong data-start=\"1217\" data-end=\"1232\">Doris Bauer<\/strong>, <strong data-start=\"1234\" data-end=\"1252\">Fred Pelletier<\/strong> und <strong data-start=\"1257\" data-end=\"1275\">Martin Freitag<\/strong> f\u00fcr <strong data-start=\"1280\" data-end=\"1292\">50 Jahre<\/strong> treue Mitgliedschaft<\/p>\n<\/li>\n<\/ul>\n<p data-start=\"1315\" data-end=\"1423\">Diese Ehrungen stehen f\u00fcr au\u00dfergew\u00f6hnliches Engagement, das unseren besonderen Dank und Respekt verdient. \ud83d\udc9a<\/p>\n<h4 data-start=\"1425\" data-end=\"1474\">\ud83d\udc65 Prominenter Besuch und starke Botschaften<\/h4>\n<p style=\"font-weight: 400;\"><strong>Innenminister Jost: Saarland-Plan wird fortgef\u00fchrt \u2013 Bundespolizei im Saarland soll weiter gest\u00e4rkt werden<\/strong><\/p>\n<p style=\"font-weight: 400;\">Innenminister\u00a0<strong>Reinhold Jost<\/strong>\u00a0w\u00fcrdigte in seiner Ansprache die\u00a0<strong>enge und vertrauensvolle Zusammenarbeit zwischen der Bundespolizei und der Vollzugspolizei des Saarlandes<\/strong>. Diese habe sich \u00fcber viele Jahre hinweg entwickelt und sich in der t\u00e4glichen Praxis als \u00e4u\u00dferst belastbar und effektiv erwiesen.<\/p>\n<p style=\"font-weight: 400;\">Jost betonte, dass der sogenannte\u00a0<strong>Saarland-Plan<\/strong>, den sein Vorg\u00e4nger initiiert hatte, von ihm\u00a0<strong>abgeschlossen<\/strong>\u00a0wurde und nun\u00a0<strong>konsequent weiterentwickelt<\/strong>\u00a0werden soll. Ziel sei es, die bew\u00e4hrte Kooperation zwischen den Polizeibeh\u00f6rden\u00a0<strong>strategisch auszubauen<\/strong>\u00a0und an die sicherheitspolitischen Herausforderungen der Zukunft anzupassen.<\/p>\n<p style=\"font-weight: 400;\">Er unterstrich, dass er sich auch weiterhin\u00a0<strong>nachdr\u00fccklich f\u00fcr eine St\u00e4rkung der Bundespolizei im Saarland<\/strong>\u00a0einsetzen werde \u2013 ein Bekenntnis, das er bereits durch\u00a0<strong>konkrete Ma\u00dfnahmen<\/strong>\u00a0unterstrichen hat.<\/p>\n<p style=\"font-weight: 400;\">So wurde gemeinsam mit dem\u00a0<strong>Bundesministerium des Innern<\/strong>\u00a0eine\u00a0<strong>Agenda<\/strong>\u00a0zur vertieften Zusammenarbeit unterzeichnet. Ein erster wichtiger Schritt daraus wurde bereits umgesetzt: Im Saarland wurde eine\u00a0<strong>Zentralstelle zur Bearbeitung von Massendelikten<\/strong>\u00a0eingerichtet \u2013 ein bedeutender Beitrag zur\u00a0<strong>Entlastung der operativen Kr\u00e4fte<\/strong>\u00a0und zur St\u00e4rkung der Ermittlungsarbeit.<\/p>\n<p style=\"font-weight: 400;\">Ein weiteres zentrales Ziel ist die Einrichtung eines\u00a0<strong>internationalen polizeilichen Fortbildungs- und Kompetenzzentrums<\/strong>. Es soll der\u00a0<strong>l\u00e4nder\u00fcbergreifenden \u2013 ggf. auch bilingualen \u2013 Fortbildung und Zusammenarbeit <\/strong>der Polizeien dienen. Damit wird nicht nur die operative Kooperation gest\u00e4rkt, sondern zugleich dem\u00a0<strong>europ\u00e4ischen Gedanken<\/strong>\u00a0und der\u00a0<strong>Europa- und Frankreichstrategie der saarl\u00e4ndischen Landesregierung<\/strong>\u00a0gezielt Rechnung getragen.<\/p>\n<p style=\"font-weight: 400;\">Diese Ma\u00dfnahmen machen deutlich:\u00a0<strong>Das Saarland \u00fcbernimmt sicherheitspolitisch Verantwortung<\/strong>\u00a0und entwickelt sich zunehmend zu einem\u00a0<strong>Knotenpunkt internationaler Zusammenarbeit in der Gro\u00dfregion<\/strong>.<\/p>\n<p data-start=\"196\" data-end=\"279\"><span style=\"font-size: 15px;\">Ein starkes Zeichen der Verbundenheit setzte der Besuch des <\/span><strong style=\"font-size: 15px;\" data-start=\"1536\" data-end=\"1578\">GdP-Landesvorsitzenden Andreas Rinnert<\/strong><span style=\"font-size: 15px;\">, der gemeinsam mit <\/span><strong style=\"font-size: 15px;\" data-start=\"1598\" data-end=\"1613\">Maike Quint<\/strong><span style=\"font-size: 15px;\"> an der Veranstaltung teilnahm.<\/span><\/p>\n<h4 data-start=\"1646\" data-end=\"1679\">\ud83d\ude4f Danke an alle Beteiligten<\/h4>\n<p data-start=\"1681\" data-end=\"1839\">Ein herzliches Dankesch\u00f6n gilt den <strong data-start=\"1716\" data-end=\"1743\">Helferinnen und Helfern<\/strong> sowie dem <strong data-start=\"1754\" data-end=\"1785\">Team des IPA-Heims Sulzbach<\/strong>, die dieses Fest mit gro\u00dfem Einsatz erm\u00f6glicht haben.<\/p>\n<p data-start=\"1841\" data-end=\"1956\">Wir freuen uns schon jetzt auf das n\u00e4chste Sommerfest!<br data-start=\"1895\" data-end=\"1898\" \/>Bleibt solidarisch \u2013 eure GdP-Kreisgruppe BPOL Saarland \ud83d\udc99<\/p>\n<p data-start=\"1963\" data-end=\"2020\">\ud83d\uddbc <strong data-start=\"1966\" data-end=\"2020\">Einige Eindr\u00fccke in Bildern folgen weiter unten&#8230;<\/strong><\/p>\n\r\n\t<div class=\"slideshow_container slideshow_container_style-light\" style=\"height: 200px; \" data-slideshow-id=\"4645\" data-style-name=\"style-light\" data-style-version=\"2.3.1\" >\r\n\r\n\t\t\t\t\t<div class=\"slideshow_loading_icon\"><\/div>\r\n\t\t\r\n\t\t<div class=\"slideshow_content\" style=\"display: none;\">\r\n\r\n\t\t\t<div class=\"slideshow_view\">\r\n\t\t\t\t<div class=\"slideshow_slide slideshow_slide_image\">\r\n\t\t\t\t\t\t\t\t\t\t\t<img src=\"https:\/\/kg-saarland.gdpbundespolizeikoblenz.de\/wp-content\/uploads\/2025\/07\/IMG_9768-scaled.jpeg\" alt=\"IMG_9768\" width=\"1920\" height=\"2560\" \/>\r\n\t\t\t\t\t\t\t\t\t\t<div class=\"slideshow_description_box slideshow_transparent\">\r\n\t\t\t\t\t\t<div class=\"slideshow_title\">IMG_9768<\/div>\t\t\t\t\t\t\t\t\t\t\t<\/div>\r\n\t\t\t\t<\/div>\r\n\r\n\t\t\t\t\t\t<div style=\"clear: both;\"><\/div><\/div><div class=\"slideshow_view\">\r\n\t\t\t\t<div class=\"slideshow_slide slideshow_slide_image\">\r\n\t\t\t\t\t\t\t\t\t\t\t<img src=\"https:\/\/kg-saarland.gdpbundespolizeikoblenz.de\/wp-content\/uploads\/2025\/07\/IMG_9820-scaled.jpeg\" alt=\"IMG_9820\" width=\"1920\" height=\"2560\" \/>\r\n\t\t\t\t\t\t\t\t\t\t<div class=\"slideshow_description_box slideshow_transparent\">\r\n\t\t\t\t\t\t<div class=\"slideshow_title\">IMG_9820<\/div>\t\t\t\t\t\t\t\t\t\t\t<\/div>\r\n\t\t\t\t<\/div>\r\n\r\n\t\t\t\t\t\t<div style=\"clear: both;\"><\/div><\/div><div class=\"slideshow_view\">\r\n\t\t\t\t<div class=\"slideshow_slide slideshow_slide_image\">\r\n\t\t\t\t\t\t\t\t\t\t\t<img src=\"https:\/\/kg-saarland.gdpbundespolizeikoblenz.de\/wp-content\/uploads\/2025\/07\/IMG_9796-scaled.jpeg\" alt=\"IMG_9796\" width=\"2560\" height=\"1920\" \/>\r\n\t\t\t\t\t\t\t\t\t\t<div class=\"slideshow_description_box slideshow_transparent\">\r\n\t\t\t\t\t\t<div class=\"slideshow_title\">IMG_9796<\/div>\t\t\t\t\t\t\t\t\t\t\t<\/div>\r\n\t\t\t\t<\/div>\r\n\r\n\t\t\t\t\t\t<div style=\"clear: both;\"><\/div><\/div><div class=\"slideshow_view\">\r\n\t\t\t\t<div class=\"slideshow_slide slideshow_slide_image\">\r\n\t\t\t\t\t\t\t\t\t\t\t<img src=\"https:\/\/kg-saarland.gdpbundespolizeikoblenz.de\/wp-content\/uploads\/2025\/07\/IMG_9774-scaled.jpeg\" alt=\"IMG_9774\" width=\"1920\" height=\"2560\" \/>\r\n\t\t\t\t\t\t\t\t\t\t<div class=\"slideshow_description_box slideshow_transparent\">\r\n\t\t\t\t\t\t<div class=\"slideshow_title\">IMG_9774<\/div>\t\t\t\t\t\t\t\t\t\t\t<\/div>\r\n\t\t\t\t<\/div>\r\n\r\n\t\t\t\t\t\t<div style=\"clear: both;\"><\/div><\/div><div class=\"slideshow_view\">\r\n\t\t\t\t<div class=\"slideshow_slide slideshow_slide_image\">\r\n\t\t\t\t\t\t\t\t\t\t\t<img src=\"https:\/\/kg-saarland.gdpbundespolizeikoblenz.de\/wp-content\/uploads\/2025\/07\/IMG_9793-scaled.jpeg\" alt=\"IMG_9793\" width=\"1920\" height=\"2560\" \/>\r\n\t\t\t\t\t\t\t\t\t\t<div class=\"slideshow_description_box slideshow_transparent\">\r\n\t\t\t\t\t\t<div class=\"slideshow_title\">IMG_9793<\/div>\t\t\t\t\t\t\t\t\t\t\t<\/div>\r\n\t\t\t\t<\/div>\r\n\r\n\t\t\t\t\t\t<div style=\"clear: both;\"><\/div><\/div><div class=\"slideshow_view\">\r\n\t\t\t\t<div class=\"slideshow_slide slideshow_slide_image\">\r\n\t\t\t\t\t\t\t\t\t\t\t<img src=\"https:\/\/kg-saarland.gdpbundespolizeikoblenz.de\/wp-content\/uploads\/2025\/07\/IMG_9832.jpeg\" alt=\"IMG_9832\" width=\"1206\" height=\"1528\" \/>\r\n\t\t\t\t\t\t\t\t\t\t<div class=\"slideshow_description_box slideshow_transparent\">\r\n\t\t\t\t\t\t<div class=\"slideshow_title\">IMG_9832<\/div>\t\t\t\t\t\t\t\t\t\t\t<\/div>\r\n\t\t\t\t<\/div>\r\n\r\n\t\t\t\t\t\t<div style=\"clear: both;\"><\/div><\/div><div class=\"slideshow_view\">\r\n\t\t\t\t<div class=\"slideshow_slide slideshow_slide_image\">\r\n\t\t\t\t\t\t\t\t\t\t\t<img src=\"https:\/\/kg-saarland.gdpbundespolizeikoblenz.de\/wp-content\/uploads\/2025\/07\/d8790255-9b58-4278-906b-b8c735ea428b.jpg\" alt=\"d8790255-9b58-4278-906b-b8c735ea428b\" width=\"2048\" height=\"1536\" \/>\r\n\t\t\t\t\t\t\t\t\t\t<div class=\"slideshow_description_box slideshow_transparent\">\r\n\t\t\t\t\t\t<div class=\"slideshow_title\">d8790255-9b58-4278-906b-b8c735ea428b<\/div>\t\t\t\t\t\t\t\t\t\t\t<\/div>\r\n\t\t\t\t<\/div>\r\n\r\n\t\t\t\t\t\t<div style=\"clear: both;\"><\/div><\/div><div class=\"slideshow_view\">\r\n\t\t\t\t<div class=\"slideshow_slide slideshow_slide_image\">\r\n\t\t\t\t\t\t\t\t\t\t\t<img src=\"https:\/\/kg-saarland.gdpbundespolizeikoblenz.de\/wp-content\/uploads\/2025\/07\/6d0ec5a7-efa8-4071-a849-6552550de9cb.jpg\" alt=\"6d0ec5a7-efa8-4071-a849-6552550de9cb\" width=\"2048\" height=\"1536\" \/>\r\n\t\t\t\t\t\t\t\t\t\t<div class=\"slideshow_description_box slideshow_transparent\">\r\n\t\t\t\t\t\t<div class=\"slideshow_title\">6d0ec5a7-efa8-4071-a849-6552550de9cb<\/div>\t\t\t\t\t\t\t\t\t\t\t<\/div>\r\n\t\t\t\t<\/div>\r\n\r\n\t\t\t\t\t\t<div style=\"clear: both;\"><\/div><\/div><div class=\"slideshow_view\">\r\n\t\t\t\t<div class=\"slideshow_slide slideshow_slide_image\">\r\n\t\t\t\t\t\t\t\t\t\t\t<img src=\"https:\/\/kg-saarland.gdpbundespolizeikoblenz.de\/wp-content\/uploads\/2025\/07\/2eeb5df0-a5e8-4313-ab35-5cd22ca1146e.jpg\" alt=\"2eeb5df0-a5e8-4313-ab35-5cd22ca1146e\" width=\"2048\" height=\"1536\" \/>\r\n\t\t\t\t\t\t\t\t\t\t<div class=\"slideshow_description_box slideshow_transparent\">\r\n\t\t\t\t\t\t<div class=\"slideshow_title\">2eeb5df0-a5e8-4313-ab35-5cd22ca1146e<\/div>\t\t\t\t\t\t\t\t\t\t\t<\/div>\r\n\t\t\t\t<\/div>\r\n\r\n\t\t\t\t\t\t<div style=\"clear: both;\"><\/div><\/div><div class=\"slideshow_view\">\r\n\t\t\t\t<div class=\"slideshow_slide slideshow_slide_image\">\r\n\t\t\t\t\t\t\t\t\t\t\t<img src=\"https:\/\/kg-saarland.gdpbundespolizeikoblenz.de\/wp-content\/uploads\/2025\/07\/99c7f066-7278-4c7b-83fe-96a9d66e7a66.jpg\" alt=\"99c7f066-7278-4c7b-83fe-96a9d66e7a66\" width=\"2048\" height=\"1536\" \/>\r\n\t\t\t\t\t\t\t\t\t\t<div class=\"slideshow_description_box slideshow_transparent\">\r\n\t\t\t\t\t\t<div class=\"slideshow_title\">99c7f066-7278-4c7b-83fe-96a9d66e7a66<\/div>\t\t\t\t\t\t\t\t\t\t\t<\/div>\r\n\t\t\t\t<\/div>\r\n\r\n\t\t\t\t\t\t<div style=\"clear: both;\"><\/div><\/div><div class=\"slideshow_view\">\r\n\t\t\t\t<div class=\"slideshow_slide slideshow_slide_image\">\r\n\t\t\t\t\t\t\t\t\t\t\t<img src=\"https:\/\/kg-saarland.gdpbundespolizeikoblenz.de\/wp-content\/uploads\/2025\/07\/dc5f7c0e-6690-473b-99eb-6cfcc2c8b893.jpg\" alt=\"dc5f7c0e-6690-473b-99eb-6cfcc2c8b893\" width=\"2048\" height=\"1536\" \/>\r\n\t\t\t\t\t\t\t\t\t\t<div class=\"slideshow_description_box slideshow_transparent\">\r\n\t\t\t\t\t\t<div class=\"slideshow_title\">dc5f7c0e-6690-473b-99eb-6cfcc2c8b893<\/div>\t\t\t\t\t\t\t\t\t\t\t<\/div>\r\n\t\t\t\t<\/div>\r\n\r\n\t\t\t\t\t\t<div style=\"clear: both;\"><\/div><\/div><div class=\"slideshow_view\">\r\n\t\t\t\t<div class=\"slideshow_slide slideshow_slide_image\">\r\n\t\t\t\t\t\t\t\t\t\t\t<img src=\"https:\/\/kg-saarland.gdpbundespolizeikoblenz.de\/wp-content\/uploads\/2025\/07\/298206e3-5ce8-46df-8ae3-f733f0451208.jpg\" alt=\"298206e3-5ce8-46df-8ae3-f733f0451208\" width=\"2048\" height=\"1536\" \/>\r\n\t\t\t\t\t\t\t\t\t\t<div class=\"slideshow_description_box slideshow_transparent\">\r\n\t\t\t\t\t\t<div class=\"slideshow_title\">298206e3-5ce8-46df-8ae3-f733f0451208<\/div>\t\t\t\t\t\t\t\t\t\t\t<\/div>\r\n\t\t\t\t<\/div>\r\n\r\n\t\t\t\t\t\t<div style=\"clear: both;\"><\/div><\/div><div class=\"slideshow_view\">\r\n\t\t\t\t<div class=\"slideshow_slide slideshow_slide_image\">\r\n\t\t\t\t\t\t\t\t\t\t\t<img src=\"https:\/\/kg-saarland.gdpbundespolizeikoblenz.de\/wp-content\/uploads\/2025\/07\/6e40e26c-3473-4648-9482-d65c453670b5.jpg\" alt=\"6e40e26c-3473-4648-9482-d65c453670b5\" width=\"2048\" height=\"1536\" \/>\r\n\t\t\t\t\t\t\t\t\t\t<div class=\"slideshow_description_box slideshow_transparent\">\r\n\t\t\t\t\t\t<div class=\"slideshow_title\">6e40e26c-3473-4648-9482-d65c453670b5<\/div>\t\t\t\t\t\t\t\t\t\t\t<\/div>\r\n\t\t\t\t<\/div>\r\n\r\n\t\t\t\t\t\t<div style=\"clear: both;\"><\/div><\/div><div class=\"slideshow_view\">\r\n\t\t\t\t<div class=\"slideshow_slide slideshow_slide_image\">\r\n\t\t\t\t\t\t\t\t\t\t\t<img src=\"https:\/\/kg-saarland.gdpbundespolizeikoblenz.de\/wp-content\/uploads\/2025\/07\/726414eb-715b-40ee-a536-e120ddc0d618.jpg\" alt=\"726414eb-715b-40ee-a536-e120ddc0d618\" width=\"2048\" height=\"1536\" \/>\r\n\t\t\t\t\t\t\t\t\t\t<div class=\"slideshow_description_box slideshow_transparent\">\r\n\t\t\t\t\t\t<div class=\"slideshow_title\">726414eb-715b-40ee-a536-e120ddc0d618<\/div>\t\t\t\t\t\t\t\t\t\t\t<\/div>\r\n\t\t\t\t<\/div>\r\n\r\n\t\t\t\t\t\t<div style=\"clear: both;\"><\/div><\/div><div class=\"slideshow_view\">\r\n\t\t\t\t<div class=\"slideshow_slide slideshow_slide_image\">\r\n\t\t\t\t\t\t\t\t\t\t\t<img src=\"https:\/\/kg-saarland.gdpbundespolizeikoblenz.de\/wp-content\/uploads\/2025\/07\/e7b9d10f-dd55-4e29-ae7a-634d8263f37b.jpg\" alt=\"e7b9d10f-dd55-4e29-ae7a-634d8263f37b\" width=\"2048\" height=\"1536\" \/>\r\n\t\t\t\t\t\t\t\t\t\t<div class=\"slideshow_description_box slideshow_transparent\">\r\n\t\t\t\t\t\t<div class=\"slideshow_title\">e7b9d10f-dd55-4e29-ae7a-634d8263f37b<\/div>\t\t\t\t\t\t\t\t\t\t\t<\/div>\r\n\t\t\t\t<\/div>\r\n\r\n\t\t\t\t\t\t<div style=\"clear: both;\"><\/div><\/div><div class=\"slideshow_view\">\r\n\t\t\t\t<div class=\"slideshow_slide slideshow_slide_image\">\r\n\t\t\t\t\t\t\t\t\t\t\t<img src=\"https:\/\/kg-saarland.gdpbundespolizeikoblenz.de\/wp-content\/uploads\/2025\/07\/261d086f-a04d-47df-b1d0-a0a6cd29a7b9.jpg\" alt=\"261d086f-a04d-47df-b1d0-a0a6cd29a7b9\" width=\"2048\" height=\"1536\" \/>\r\n\t\t\t\t\t\t\t\t\t\t<div class=\"slideshow_description_box slideshow_transparent\">\r\n\t\t\t\t\t\t<div class=\"slideshow_title\">261d086f-a04d-47df-b1d0-a0a6cd29a7b9<\/div>\t\t\t\t\t\t\t\t\t\t\t<\/div>\r\n\t\t\t\t<\/div>\r\n\r\n\t\t\t\t\t\t<div style=\"clear: both;\"><\/div><\/div><div class=\"slideshow_view\">\r\n\t\t\t\t<div class=\"slideshow_slide slideshow_slide_image\">\r\n\t\t\t\t\t\t\t\t\t\t\t<img src=\"https:\/\/kg-saarland.gdpbundespolizeikoblenz.de\/wp-content\/uploads\/2025\/07\/IMG_9977.jpeg\" alt=\"IMG_9977\" width=\"1206\" height=\"1554\" \/>\r\n\t\t\t\t\t\t\t\t\t\t<div class=\"slideshow_description_box slideshow_transparent\">\r\n\t\t\t\t\t\t<div class=\"slideshow_title\">IMG_9977<\/div>\t\t\t\t\t\t\t\t\t\t\t<\/div>\r\n\t\t\t\t<\/div>\r\n\r\n\t\t\t\t\t\t<div style=\"clear: both;\"><\/div><\/div>\r\n\t\t<\/div>\r\n\r\n\t\t<div class=\"slideshow_controlPanel slideshow_transparent\" style=\"display: none;\"><ul><li class=\"slideshow_togglePlay\" data-play-text=\"Abspielen\" data-pause-text=\"Pause\"><\/li><\/ul><\/div>\r\n\r\n\t\t<div class=\"slideshow_button slideshow_previous slideshow_transparent\" role=\"button\" data-previous-text=\"Zur\u00fcck\" style=\"display: none;\"><\/div>\r\n\t\t<div class=\"slideshow_button slideshow_next slideshow_transparent\" role=\"button\" data-next-text=\"N\u00e4chstes\" style=\"display: none;\"><\/div>\r\n\r\n\t\t<div class=\"slideshow_pagination\" style=\"display: none;\" data-go-to-text=\"Gehe zum Bild\"><div class=\"slideshow_pagination_center\"><\/div><\/div>\r\n\r\n\t\t<!-- WordPress Slideshow Version 2.3.1 -->\r\n\r\n\t\t\t<\/div>\r\n\r\n\n<p>&nbsp;<\/p>\n<p><a href=\"https:\/\/kg-saarland.gdpbundespolizeikoblenz.de\/wp-content\/uploads\/2025\/07\/e7b9d10f-dd55-4e29-ae7a-634d8263f37b.jpg\" target=\"_blank\" rel=\"noopener\"><img loading=\"lazy\" decoding=\"async\" class=\"alignleft wp-image-4639 size-large\" src=\"https:\/\/kg-saarland.gdpbundespolizeikoblenz.de\/wp-content\/uploads\/2025\/07\/e7b9d10f-dd55-4e29-ae7a-634d8263f37b-1024x768.jpg\" alt=\"\" width=\"800\" height=\"600\" srcset=\"https:\/\/kg-saarland.gdpbundespolizeikoblenz.de\/wp-content\/uploads\/2025\/07\/e7b9d10f-dd55-4e29-ae7a-634d8263f37b-1024x768.jpg 1024w, https:\/\/kg-saarland.gdpbundespolizeikoblenz.de\/wp-content\/uploads\/2025\/07\/e7b9d10f-dd55-4e29-ae7a-634d8263f37b-300x225.jpg 300w, https:\/\/kg-saarland.gdpbundespolizeikoblenz.de\/wp-content\/uploads\/2025\/07\/e7b9d10f-dd55-4e29-ae7a-634d8263f37b-768x576.jpg 768w, https:\/\/kg-saarland.gdpbundespolizeikoblenz.de\/wp-content\/uploads\/2025\/07\/e7b9d10f-dd55-4e29-ae7a-634d8263f37b-1536x1152.jpg 1536w, https:\/\/kg-saarland.gdpbundespolizeikoblenz.de\/wp-content\/uploads\/2025\/07\/e7b9d10f-dd55-4e29-ae7a-634d8263f37b.jpg 2048w\" sizes=\"auto, (max-width: 800px) 100vw, 800px\" \/><\/a><\/p>\n<p>&nbsp;<\/p>\n<p>&nbsp;<\/p>\n<p>&nbsp;<\/p>\n<p>&nbsp;<\/p>\n<p>&nbsp;<\/p>\n<p>&nbsp;<\/p>\n<p>&nbsp;<\/p>\n<p>&nbsp;<\/p>\n<p>&nbsp;<\/p>\n<p>&nbsp;<\/p>\n<p>&nbsp;<\/p>\n<p>&nbsp;<\/p>\n<p>&nbsp;<\/p>\n<p>&nbsp;<\/p>\n<p>&nbsp;<\/p>\n<p>&nbsp;<\/p>\n<p>&nbsp;<\/p>\n<p><a href=\"https:\/\/kg-saarland.gdpbundespolizeikoblenz.de\/wp-content\/uploads\/2025\/07\/261d086f-a04d-47df-b1d0-a0a6cd29a7b9.jpg\" target=\"_blank\" rel=\"noopener\"><img loading=\"lazy\" decoding=\"async\" class=\"alignleft wp-image-4640 size-large\" src=\"https:\/\/kg-saarland.gdpbundespolizeikoblenz.de\/wp-content\/uploads\/2025\/07\/261d086f-a04d-47df-b1d0-a0a6cd29a7b9-1024x768.jpg\" alt=\"\" width=\"800\" height=\"600\" srcset=\"https:\/\/kg-saarland.gdpbundespolizeikoblenz.de\/wp-content\/uploads\/2025\/07\/261d086f-a04d-47df-b1d0-a0a6cd29a7b9-1024x768.jpg 1024w, https:\/\/kg-saarland.gdpbundespolizeikoblenz.de\/wp-content\/uploads\/2025\/07\/261d086f-a04d-47df-b1d0-a0a6cd29a7b9-300x225.jpg 300w, https:\/\/kg-saarland.gdpbundespolizeikoblenz.de\/wp-content\/uploads\/2025\/07\/261d086f-a04d-47df-b1d0-a0a6cd29a7b9-768x576.jpg 768w, https:\/\/kg-saarland.gdpbundespolizeikoblenz.de\/wp-content\/uploads\/2025\/07\/261d086f-a04d-47df-b1d0-a0a6cd29a7b9-1536x1152.jpg 1536w, https:\/\/kg-saarland.gdpbundespolizeikoblenz.de\/wp-content\/uploads\/2025\/07\/261d086f-a04d-47df-b1d0-a0a6cd29a7b9.jpg 2048w\" sizes=\"auto, (max-width: 800px) 100vw, 800px\" \/><\/a><\/p>\n<p>&nbsp;<\/p>\n<p>&nbsp;<\/p>\n<p>&nbsp;<\/p>\n<p>&nbsp;<\/p>\n<p>&nbsp;<\/p>\n<p>&nbsp;<\/p>\n<p>&nbsp;<\/p>\n<p>&nbsp;<\/p>\n<p>&nbsp;<\/p>\n<p>&nbsp;<\/p>\n<p>&nbsp;<\/p>\n<p>&nbsp;<\/p>\n<p>&nbsp;<\/p>\n<p>&nbsp;<\/p>\n<p><a href=\"https:\/\/kg-saarland.gdpbundespolizeikoblenz.de\/wp-content\/uploads\/2025\/07\/6e40e26c-3473-4648-9482-d65c453670b5.jpg\" target=\"_blank\" rel=\"noopener\"><img loading=\"lazy\" decoding=\"async\" class=\"alignleft wp-image-4637 size-large\" src=\"https:\/\/kg-saarland.gdpbundespolizeikoblenz.de\/wp-content\/uploads\/2025\/07\/6e40e26c-3473-4648-9482-d65c453670b5-1024x768.jpg\" alt=\"\" width=\"800\" height=\"600\" srcset=\"https:\/\/kg-saarland.gdpbundespolizeikoblenz.de\/wp-content\/uploads\/2025\/07\/6e40e26c-3473-4648-9482-d65c453670b5-1024x768.jpg 1024w, https:\/\/kg-saarland.gdpbundespolizeikoblenz.de\/wp-content\/uploads\/2025\/07\/6e40e26c-3473-4648-9482-d65c453670b5-300x225.jpg 300w, https:\/\/kg-saarland.gdpbundespolizeikoblenz.de\/wp-content\/uploads\/2025\/07\/6e40e26c-3473-4648-9482-d65c453670b5-768x576.jpg 768w, https:\/\/kg-saarland.gdpbundespolizeikoblenz.de\/wp-content\/uploads\/2025\/07\/6e40e26c-3473-4648-9482-d65c453670b5-1536x1152.jpg 1536w, https:\/\/kg-saarland.gdpbundespolizeikoblenz.de\/wp-content\/uploads\/2025\/07\/6e40e26c-3473-4648-9482-d65c453670b5.jpg 2048w\" sizes=\"auto, (max-width: 800px) 100vw, 800px\" \/><\/a><\/p>\n<p>&nbsp;<\/p>\n<p>&nbsp;<\/p>\n<p>&nbsp;<\/p>\n<p>&nbsp;<\/p>\n<p>&nbsp;<\/p>\n<p>&nbsp;<\/p>\n<p>&nbsp;<\/p>\n<p>&nbsp;<\/p>\n<p>&nbsp;<\/p>\n<p>&nbsp;<\/p>\n<p>&nbsp;<\/p>\n<p>&nbsp;<\/p>\n<p><a href=\"https:\/\/kg-saarland.gdpbundespolizeikoblenz.de\/wp-content\/uploads\/2025\/07\/4c7ad60f-7f6c-4888-987a-d68390f1d74c.jpg\" target=\"_blank\" rel=\"noopener\"><img loading=\"lazy\" decoding=\"async\" class=\"alignleft wp-image-4635 size-large\" src=\"https:\/\/kg-saarland.gdpbundespolizeikoblenz.de\/wp-content\/uploads\/2025\/07\/4c7ad60f-7f6c-4888-987a-d68390f1d74c-1024x768.jpg\" alt=\"\" width=\"800\" height=\"600\" srcset=\"https:\/\/kg-saarland.gdpbundespolizeikoblenz.de\/wp-content\/uploads\/2025\/07\/4c7ad60f-7f6c-4888-987a-d68390f1d74c-1024x768.jpg 1024w, https:\/\/kg-saarland.gdpbundespolizeikoblenz.de\/wp-content\/uploads\/2025\/07\/4c7ad60f-7f6c-4888-987a-d68390f1d74c-300x225.jpg 300w, https:\/\/kg-saarland.gdpbundespolizeikoblenz.de\/wp-content\/uploads\/2025\/07\/4c7ad60f-7f6c-4888-987a-d68390f1d74c-768x576.jpg 768w, https:\/\/kg-saarland.gdpbundespolizeikoblenz.de\/wp-content\/uploads\/2025\/07\/4c7ad60f-7f6c-4888-987a-d68390f1d74c-1536x1152.jpg 1536w, https:\/\/kg-saarland.gdpbundespolizeikoblenz.de\/wp-content\/uploads\/2025\/07\/4c7ad60f-7f6c-4888-987a-d68390f1d74c.jpg 2048w\" sizes=\"auto, (max-width: 800px) 100vw, 800px\" \/><\/a><\/p>\n<p>&nbsp;<\/p>\n<p>&nbsp;<\/p>\n<p>&nbsp;<\/p>\n<p>&nbsp;<\/p>\n<p>&nbsp;<\/p>\n<p>&nbsp;<\/p>\n<p>&nbsp;<\/p>\n<p>&nbsp;<\/p>\n<p>&nbsp;<\/p>\n<p>&nbsp;<\/p>\n<p>&nbsp;<\/p>\n<p>&nbsp;<\/p>\n<p><a href=\"https:\/\/kg-saarland.gdpbundespolizeikoblenz.de\/wp-content\/uploads\/2025\/07\/298206e3-5ce8-46df-8ae3-f733f0451208.jpg\" target=\"_blank\" rel=\"noopener\"><img loading=\"lazy\" decoding=\"async\" class=\"alignleft wp-image-4636 size-large\" src=\"https:\/\/kg-saarland.gdpbundespolizeikoblenz.de\/wp-content\/uploads\/2025\/07\/298206e3-5ce8-46df-8ae3-f733f0451208-1024x768.jpg\" alt=\"\" width=\"800\" height=\"600\" srcset=\"https:\/\/kg-saarland.gdpbundespolizeikoblenz.de\/wp-content\/uploads\/2025\/07\/298206e3-5ce8-46df-8ae3-f733f0451208-1024x768.jpg 1024w, https:\/\/kg-saarland.gdpbundespolizeikoblenz.de\/wp-content\/uploads\/2025\/07\/298206e3-5ce8-46df-8ae3-f733f0451208-300x225.jpg 300w, https:\/\/kg-saarland.gdpbundespolizeikoblenz.de\/wp-content\/uploads\/2025\/07\/298206e3-5ce8-46df-8ae3-f733f0451208-768x576.jpg 768w, https:\/\/kg-saarland.gdpbundespolizeikoblenz.de\/wp-content\/uploads\/2025\/07\/298206e3-5ce8-46df-8ae3-f733f0451208-1536x1152.jpg 1536w, https:\/\/kg-saarland.gdpbundespolizeikoblenz.de\/wp-content\/uploads\/2025\/07\/298206e3-5ce8-46df-8ae3-f733f0451208.jpg 2048w\" sizes=\"auto, (max-width: 800px) 100vw, 800px\" \/><\/a><\/p>\n","protected":false},"excerpt":{"rendered":"<p>\ud83c\udf1e Sommerfest 2025 der GdP-Kreisgruppe Bundespolizei Saarland Ein Tag voller Gemeinschaft, Ehrungen und guter Stimmung. Innenminister Jost ehrt langj\u00e4hrige Mitglieder Am 4. Juli 2025 feierten die GdP-Kreisgruppe Bundespolizei Saarland, die IPA-Verbindungsstelle Bundespolizei Saarbr\u00fccken und die BGS\/BPOL-Kameradschaft ein gemeinsames Sommerfest im IPA-Heim Sulzbach. Rund 80 G\u00e4ste aus allen Bereichen der GdP-Familie <a class=\"more-link\" href=\"https:\/\/kg-saarland.gdpbundespolizeikoblenz.de\/?p=4612\">Weiterlesen<span class=\"screen-reader-text\">Sommerfest der GdP-Kreisgruppe Bundespolizei Saarland 2025 &#8211; Ehrungen durch Innenminister Jost<\/span><span class=\"meta-nav\">&rarr;<\/span><\/a><\/p>\n","protected":false},"author":7,"featured_media":4639,"comment_status":"closed","ping_status":"closed","sticky":false,"template":"","format":"standard","meta":{"footnotes":""},"categories":[12,108,15,105,185,52],"tags":[186,184,106],"class_list":["post-4612","post","type-post","status-publish","format-standard","has-post-thumbnail","hentry","category-ehrungen","category-es-ist-viel-zu-heiss","category-jubilaum","category-saarland-plan","category-sommerfest","category-veranstaltungen","tag-h","tag-jost","tag-sommerfest"],"_links":{"self":[{"href":"https:\/\/kg-saarland.gdpbundespolizeikoblenz.de\/index.php?rest_route=\/wp\/v2\/posts\/4612","targetHints":{"allow":["GET"]}}],"collection":[{"href":"https:\/\/kg-saarland.gdpbundespolizeikoblenz.de\/index.php?rest_route=\/wp\/v2\/posts"}],"about":[{"href":"https:\/\/kg-saarland.gdpbundespolizeikoblenz.de\/index.php?rest_route=\/wp\/v2\/types\/post"}],"author":[{"embeddable":true,"href":"https:\/\/kg-saarland.gdpbundespolizeikoblenz.de\/index.php?rest_route=\/wp\/v2\/users\/7"}],"replies":[{"embeddable":true,"href":"https:\/\/kg-saarland.gdpbundespolizeikoblenz.de\/index.php?rest_route=%2Fwp%2Fv2%2Fcomments&post=4612"}],"version-history":[{"count":5,"href":"https:\/\/kg-saarland.gdpbundespolizeikoblenz.de\/index.php?rest_route=\/wp\/v2\/posts\/4612\/revisions"}],"predecessor-version":[{"id":4661,"href":"https:\/\/kg-saarland.gdpbundespolizeikoblenz.de\/index.php?rest_route=\/wp\/v2\/posts\/4612\/revisions\/4661"}],"wp:featuredmedia":[{"embeddable":true,"href":"https:\/\/kg-saarland.gdpbundespolizeikoblenz.de\/index.php?rest_route=\/wp\/v2\/media\/4639"}],"wp:attachment":[{"href":"https:\/\/kg-saarland.gdpbundespolizeikoblenz.de\/index.php?rest_route=%2Fwp%2Fv2%2Fmedia&parent=4612"}],"wp:term":[{"taxonomy":"category","embeddable":true,"href":"https:\/\/kg-saarland.gdpbundespolizeikoblenz.de\/index.php?rest_route=%2Fwp%2Fv2%2Fcategories&post=4612"},{"taxonomy":"post_tag","embeddable":true,"href":"https:\/\/kg-saarland.gdpbundespolizeikoblenz.de\/index.php?rest_route=%2Fwp%2Fv2%2Ftags&post=4612"}],"curies":[{"name":"wp","href":"https:\/\/api.w.org\/{rel}","templated":true}]}}