{"id":4692,"date":"2026-01-18T12:16:14","date_gmt":"2026-01-18T11:16:14","guid":{"rendered":"https:\/\/kg-saarland.gdpbundespolizeikoblenz.de\/?p=4692"},"modified":"2026-01-18T13:55:34","modified_gmt":"2026-01-18T12:55:34","slug":"%f0%9f%95%af%ef%b8%8f-nachruf-auf-birgit-reinardt-25-03-1959-17-01-2026","status":"publish","type":"post","link":"https:\/\/kg-saarland.gdpbundespolizeikoblenz.de\/?p=4692","title":{"rendered":"\ud83d\udd6f\ufe0f Nachruf Birgit Reinardt &#8211;     * 25.03.1959   \u2013     + 17.01.2026"},"content":{"rendered":"<p style=\"font-weight: 400;\"><a href=\"https:\/\/kg-saarland.gdpbundespolizeikoblenz.de\/wp-content\/uploads\/2026\/01\/ChatGPT-Image-18.-Jan.-2026-11_56_22.jpeg\" target=\"_blank\" rel=\"noopener\"><img loading=\"lazy\" decoding=\"async\" class=\"wp-image-4698 aligncenter\" src=\"https:\/\/kg-saarland.gdpbundespolizeikoblenz.de\/wp-content\/uploads\/2026\/01\/ChatGPT-Image-18.-Jan.-2026-11_56_22.jpeg\" alt=\"\" width=\"804\" height=\"538\" \/><\/a><\/p>\n<p style=\"font-weight: 400;\">Innerhalb von nur 14 Tagen verliert die\u00a0<strong>GdP-Kreisgruppe Bundespolizei Saarland<\/strong> ein weiteres hochgesch\u00e4tztes, langj\u00e4hriges und engagiertes Mitglied unserer Gewerkschaft sowie der Personalvertretung.<\/p>\n<p style=\"font-weight: 400;\">Der Tod von\u00a0<strong>Birgit <\/strong>hat uns alle tief ersch\u00fcttert. Besonders schmerzlich und tragisch ist, dass Birgit die\u00a0<strong>Schwester unserer Kollegin Doris Petzinger<\/strong> ist, von der wir uns erst vor wenigen Tagen von uns gegangen ist. Zwei engagierte Kolleginnen, zwei pr\u00e4gende Pers\u00f6nlichkeiten unserer Gewerkschaft \u2013 innerhalb k\u00fcrzester Zeit aus unserer Mitte gerissen. Wir sind fassungslos.<\/p>\n<p style=\"font-weight: 400;\">Diese doppelte Trauer macht uns fassungslos. Sie hinterl\u00e4sst nicht nur eine gro\u00dfe L\u00fccke in unserer gewerkschaftlichen und personalvertretungsrechtlichen Arbeit, sondern trifft uns auch menschlich in ganz besonderer Weise.<\/p>\n<p style=\"font-weight: 400;\"><strong>Birgit<\/strong> war \u00fcber viele Jahre eine verl\u00e4ssliche Mitstreiterin, eine gesch\u00e4tzte Kollegin und ein Mensch, der durch ihre Erfahrung, ihre klare Haltung und ihre Menschlichkeit bleibende Spuren hinterlassen hat. Sie engagierte sich in verschiedenen Personalvertretungen des Bundesgrenzschutzes und der Bundespolizei und setzte sich mit gro\u00dfem Verantwortungsbewusstsein f\u00fcr die Belange der Kolleginnen und Kollegen ein.<\/p>\n<p style=\"font-weight: 400;\" data-start=\"1523\" data-end=\"1685\">Nach schwerer Krankheit ist Birgit verstorben. Ihr Einsatz f\u00fcr die Gewerkschaft der Polizei und f\u00fcr die Menschen, die sie begleitet hat, wird unvergessen bleiben.<\/p>\n<p style=\"font-weight: 400;\" data-start=\"1687\" data-end=\"1908\">Wir werden\u00a0<strong data-start=\"1698\" data-end=\"1717\">Birgit<\/strong> ein ehrendes Andenken bewahren und sie nicht vergessen.<br \/>\n<br data-start=\"1749\" data-end=\"1752\" \/>Unser tiefes Mitgef\u00fchl gilt ihrer Familie, ihren Angeh\u00f6rigen und allen, die ihr nahe standen \u2013 insbesondere in dieser schweren Zeit des doppelten Verlustes.<\/p>\n<p style=\"font-weight: 400;\"><strong>Gewerkschaft der Polizei<\/strong><br data-start=\"1938\" data-end=\"1941\" \/><strong data-start=\"1941\" data-end=\"1979\">Kreisgruppe Bundespolizei Saarland<\/strong><\/p>\n","protected":false},"excerpt":{"rendered":"<p>Innerhalb von nur 14 Tagen verliert die\u00a0GdP-Kreisgruppe Bundespolizei Saarland ein weiteres hochgesch\u00e4tztes, langj\u00e4hriges und engagiertes Mitglied unserer Gewerkschaft sowie der Personalvertretung. Der Tod von\u00a0Birgit hat uns alle tief ersch\u00fcttert. Besonders schmerzlich und tragisch ist, dass Birgit die\u00a0Schwester unserer Kollegin Doris Petzinger ist, von der wir uns erst vor wenigen Tagen <a class=\"more-link\" href=\"https:\/\/kg-saarland.gdpbundespolizeikoblenz.de\/?p=4692\">Weiterlesen<span class=\"screen-reader-text\">\ud83d\udd6f\ufe0f Nachruf Birgit Reinardt &#8211;     * 25.03.1959   \u2013     + 17.01.2026<\/span><span class=\"meta-nav\">&rarr;<\/span><\/a><\/p>\n","protected":false},"author":7,"featured_media":4698,"comment_status":"closed","ping_status":"closed","sticky":false,"template":"","format":"standard","meta":{"footnotes":""},"categories":[190,26],"tags":[194],"class_list":["post-4692","post","type-post","status-publish","format-standard","has-post-thumbnail","hentry","category-nachruf","category-trauer","tag-birgit"],"_links":{"self":[{"href":"https:\/\/kg-saarland.gdpbundespolizeikoblenz.de\/index.php?rest_route=\/wp\/v2\/posts\/4692","targetHints":{"allow":["GET"]}}],"collection":[{"href":"https:\/\/kg-saarland.gdpbundespolizeikoblenz.de\/index.php?rest_route=\/wp\/v2\/posts"}],"about":[{"href":"https:\/\/kg-saarland.gdpbundespolizeikoblenz.de\/index.php?rest_route=\/wp\/v2\/types\/post"}],"author":[{"embeddable":true,"href":"https:\/\/kg-saarland.gdpbundespolizeikoblenz.de\/index.php?rest_route=\/wp\/v2\/users\/7"}],"replies":[{"embeddable":true,"href":"https:\/\/kg-saarland.gdpbundespolizeikoblenz.de\/index.php?rest_route=%2Fwp%2Fv2%2Fcomments&post=4692"}],"version-history":[{"count":5,"href":"https:\/\/kg-saarland.gdpbundespolizeikoblenz.de\/index.php?rest_route=\/wp\/v2\/posts\/4692\/revisions"}],"predecessor-version":[{"id":4700,"href":"https:\/\/kg-saarland.gdpbundespolizeikoblenz.de\/index.php?rest_route=\/wp\/v2\/posts\/4692\/revisions\/4700"}],"wp:featuredmedia":[{"embeddable":true,"href":"https:\/\/kg-saarland.gdpbundespolizeikoblenz.de\/index.php?rest_route=\/wp\/v2\/media\/4698"}],"wp:attachment":[{"href":"https:\/\/kg-saarland.gdpbundespolizeikoblenz.de\/index.php?rest_route=%2Fwp%2Fv2%2Fmedia&parent=4692"}],"wp:term":[{"taxonomy":"category","embeddable":true,"href":"https:\/\/kg-saarland.gdpbundespolizeikoblenz.de\/index.php?rest_route=%2Fwp%2Fv2%2Fcategories&post=4692"},{"taxonomy":"post_tag","embeddable":true,"href":"https:\/\/kg-saarland.gdpbundespolizeikoblenz.de\/index.php?rest_route=%2Fwp%2Fv2%2Ftags&post=4692"}],"curies":[{"name":"wp","href":"https:\/\/api.w.org\/{rel}","templated":true}]}}