{"id":762,"date":"2008-07-16T20:27:47","date_gmt":"2008-07-16T18:27:47","guid":{"rendered":"http:\/\/kg-saarland.gdp-bundespolizei.de\/2008\/07\/16\/beforderungsmoglichkeiten-bei-der-bpold-ko\/"},"modified":"2008-07-16T20:27:47","modified_gmt":"2008-07-16T18:27:47","slug":"beforderungsmoglichkeiten-bei-der-bpold-ko","status":"publish","type":"post","link":"https:\/\/kg-saarland.gdpbundespolizeikoblenz.de\/?p=762","title":{"rendered":"Bef\u00f6rderungsm\u00f6glichkeiten bei der BPOLD KO"},"content":{"rendered":"<p align=\"left\">F\u00fcr die bevorstehende Bef\u00f6rderungsrunde bei der BPOLD KO stehen folgende Bef\u00f6rderungsm\u00f6glichkeiten zur Verf\u00fcgung:<\/p>\n<p align=\"left\">\n<p align=\"left\"><strong><!--more--><\/strong><\/p>\n<p align=\"center\"><strong>Gehobener Dienst<\/strong><\/p>\n<table border=\"1\" width=\"300\" align=\"center\">\n<tbody>\n<tr>\n<td>\n<p align=\"center\"><strong>A 13g<\/strong><\/p>\n<\/td>\n<td>\n<p align=\"center\">2<\/p>\n<\/td>\n<\/tr>\n<tr>\n<td>\n<p align=\"center\"><strong>A 12<\/strong><\/p>\n<\/td>\n<td>\n<p align=\"center\">2<\/p>\n<\/td>\n<\/tr>\n<tr>\n<td>\n<p align=\"center\"><strong>A 11<\/strong><\/p>\n<\/td>\n<td>&nbsp;<\/p>\n<p style=\"text-align: center;\">15<\/p>\n<\/td>\n<\/tr>\n<tr>\n<td>\n<p align=\"center\"><strong>A 10<\/strong><\/p>\n<\/td>\n<td>\n<p align=\"center\">45<\/p>\n<\/td>\n<\/tr>\n<tr>\n<td>\n<p align=\"center\"><strong>A 9g<\/strong><\/p>\n<\/td>\n<td>\n<p align=\"center\">5<\/p>\n<\/td>\n<\/tr>\n<\/tbody>\n<\/table>\n<p align=\"center\"><strong>\u00a0Mittlerer Dienst<\/strong><\/p>\n<table border=\"1\" width=\"300\" align=\"center\">\n<tbody>\n<tr>\n<td>\n<p align=\"center\"><strong>A 9z<\/strong><\/p>\n<\/td>\n<td>\n<p align=\"center\">6<\/p>\n<\/td>\n<\/tr>\n<tr>\n<td>\n<p align=\"center\"><strong>A 9<\/strong><\/p>\n<\/td>\n<td>\n<p align=\"center\">14<\/p>\n<\/td>\n<\/tr>\n<tr>\n<td>\n<p align=\"center\"><strong>A 8<\/strong><\/p>\n<\/td>\n<td>&nbsp;<\/p>\n<p style=\"text-align: center;\">2<\/p>\n<\/td>\n<\/tr>\n<tr>\n<td>\n<p align=\"center\"><strong>A 7<\/strong><\/p>\n<\/td>\n<td>\n<p align=\"center\">2<\/p>\n<\/td>\n<\/tr>\n<\/tbody>\n<\/table>\n<p>Die Dienststelle bereitet derzeit noch die Bef\u00f6rderungsrangfolgelisten vor. Dieses gestaltet sich aufgrund der Neuorganisation noch etwas schwierig, sodass mit der Bekanntgabe der Bef\u00f6rderungen in der 1. Augustwoche zu rechnen ist.<\/p>\n","protected":false},"excerpt":{"rendered":"<p>F\u00fcr die bevorstehende Bef\u00f6rderungsrunde bei der BPOLD KO stehen folgende Bef\u00f6rderungsm\u00f6glichkeiten zur Verf\u00fcgung: <a class=\"more-link\" href=\"https:\/\/kg-saarland.gdpbundespolizeikoblenz.de\/?p=762\">Weiterlesen<span class=\"screen-reader-text\">Bef\u00f6rderungsm\u00f6glichkeiten bei der BPOLD KO<\/span><span class=\"meta-nav\">&rarr;<\/span><\/a><\/p>\n","protected":false},"author":1,"featured_media":0,"comment_status":"closed","ping_status":"closed","sticky":false,"template":"","format":"standard","meta":{"footnotes":""},"categories":[10,1],"tags":[],"class_list":["post-762","post","type-post","status-publish","format-standard","hentry","category-allgemein","category-uncategorized"],"_links":{"self":[{"href":"https:\/\/kg-saarland.gdpbundespolizeikoblenz.de\/index.php?rest_route=\/wp\/v2\/posts\/762","targetHints":{"allow":["GET"]}}],"collection":[{"href":"https:\/\/kg-saarland.gdpbundespolizeikoblenz.de\/index.php?rest_route=\/wp\/v2\/posts"}],"about":[{"href":"https:\/\/kg-saarland.gdpbundespolizeikoblenz.de\/index.php?rest_route=\/wp\/v2\/types\/post"}],"author":[{"embeddable":true,"href":"https:\/\/kg-saarland.gdpbundespolizeikoblenz.de\/index.php?rest_route=\/wp\/v2\/users\/1"}],"replies":[{"embeddable":true,"href":"https:\/\/kg-saarland.gdpbundespolizeikoblenz.de\/index.php?rest_route=%2Fwp%2Fv2%2Fcomments&post=762"}],"version-history":[{"count":0,"href":"https:\/\/kg-saarland.gdpbundespolizeikoblenz.de\/index.php?rest_route=\/wp\/v2\/posts\/762\/revisions"}],"wp:attachment":[{"href":"https:\/\/kg-saarland.gdpbundespolizeikoblenz.de\/index.php?rest_route=%2Fwp%2Fv2%2Fmedia&parent=762"}],"wp:term":[{"taxonomy":"category","embeddable":true,"href":"https:\/\/kg-saarland.gdpbundespolizeikoblenz.de\/index.php?rest_route=%2Fwp%2Fv2%2Fcategories&post=762"},{"taxonomy":"post_tag","embeddable":true,"href":"https:\/\/kg-saarland.gdpbundespolizeikoblenz.de\/index.php?rest_route=%2Fwp%2Fv2%2Ftags&post=762"}],"curies":[{"name":"wp","href":"https:\/\/api.w.org\/{rel}","templated":true}]}}