{"id":775,"date":"2008-10-06T17:20:43","date_gmt":"2008-10-06T15:20:43","guid":{"rendered":"http:\/\/kg-saarland.gdp-bundespolizei.de\/2008\/10\/06\/liegenschaft-bahnhof-saarbrucken\/"},"modified":"2008-10-06T17:20:43","modified_gmt":"2008-10-06T15:20:43","slug":"liegenschaft-bahnhof-saarbrucken","status":"publish","type":"post","link":"https:\/\/kg-saarland.gdpbundespolizeikoblenz.de\/?p=775","title":{"rendered":"GdP Kreisgruppe Saarland &#8211; Liegenschaft Bahnhof Saarbr\u00fccken &#8211; Unakzeptable Dienstr\u00e4ume"},"content":{"rendered":"<p><a href=\"http:\/\/kg-saarland.gdp-bundespolizei.de\/wp-content\/uploads\/2008\/10\/betscheider-klimmt-voss.JPG\" title=\"Bethscheider Klimmt Voss\"><\/a><a title=\"GdP-Drehstern\"><img loading=\"lazy\" decoding=\"async\" src=\"http:\/\/kg-saarland.gdp-bundespolizei.de\/wp-content\/uploads\/2008\/10\/gdp-drehstern.gif\" alt=\"GdP-Drehstern\" style=\"width: 100px; height: 100px\" title=\"GdP-Drehstern\" align=\"top\" height=\"100\" width=\"100\" \/> <\/a><\/p>\n<p>Am 06.10.2008 f\u00fchrte die Gewerkschaft der Polizei ein politisches Hintergrundgespr\u00e4ch mit dem Bundesverkehrsminister a.D. Reinhard Klimmt (SPD) und der stellv. Fraktionsvorsitzenden der SPD im saarl\u00e4ndischen Landtag, Cornelia Hoffmann-Bethscheider.<\/p>\n<p><!--more--><strong><br \/>\nIm Wesentlichen ging es bei dem Gespr\u00e4ch um die seit Jahren v\u00f6llig unakzeptablen Dienstr\u00e4ume der Bundespolizei am Bahnhof Saarbr\u00fccken.<\/strong><\/p>\n<p>\u201eWegen der anstehenden Verhandlungen zwischen BMI und DB AG zur Fortschreibung der Rahmenvereinbarung, die intern das Mietverh\u00e4ltnis der Bahn mit der Bundespolizei regelt, steht eine Entscheidung zum weiteren Verfahren aus\u201c. Dieses teilte die BPOLD Koblenz am 02.10.2008 den Besch\u00e4ftigten mit.<\/p>\n<p><strong>\u201eSeit mehr als 10 !!! Jahren m\u00fcssen die Kolleginnen und Kollegen sich immer wieder neue Ausreden und Entschuldigungen anh\u00f6ren, wieso irgendetwas nicht funktioniert\u201c, so Roland Voss. \u201eWir wollen endlich Taten sehen und erwarten zu Recht vern\u00fcnftige und zeitgem\u00e4\u00dfe Arbeitsbedingungen.\u201c<br \/>\n<\/strong><br \/>\nSowohl dem BMI, als auch der DB AG ist die unakzeptable Situation in Saarbr\u00fccken seit Jahren bekannt. Nach Darstellung gegen\u00fcber der GdP Kreisgruppe ist man f\u00fcr eine \u201eEinzelfallentscheidung\u201c.<\/p>\n<p>Nach Meinung der GdP sollen die Verantwortlichen sich nicht weiter auf dem R\u00fccken der Besch\u00e4ftigten um die abschlie\u00dfende Kostenzahlung (Mietvertrag o.\u00e4.) streiten, sondern in Vorlage treten. Danach kann sich immer noch um eine Verst\u00e4ndigung bem\u00fcht werden. Roland Voss: \u201eDas w\u00e4re im Sinne der Menschen und im Sinne der F\u00fcrsorge gegen\u00fcber den Besch\u00e4ftigten\u201c.<\/p>\n<p><a href=\"http:\/\/kg-saarland.gdp-bundespolizei.de\/wp-content\/uploads\/2008\/10\/betscheider-klimmt-voss.JPG\" title=\"Bethscheider Klimmt Voss\"><\/a><a href=\"http:\/\/kg-saarland.gdp-bundespolizei.de\/wp-content\/uploads\/2008\/10\/betscheider-klimmt-voss-web.JPG\" title=\"Bethscheider, Klimmt, Voss\"><img decoding=\"async\" src=\"http:\/\/kg-saarland.gdp-bundespolizei.de\/wp-content\/uploads\/2008\/10\/betscheider-klimmt-voss-web.JPG\" alt=\"Bethscheider, Klimmt, Voss\" \/><\/a><a href=\"http:\/\/kg-saarland.gdp-bundespolizei.de\/wp-content\/uploads\/2008\/10\/betscheider-klimmt-voss.JPG\" title=\"Bethscheider Klimmt Voss\"><\/a><br \/>\nv.l.n.r.: Roland Voss; Cornelia Hoffmann-Bethscheider; Reinhard Klimmt<br \/>\n<!--more--><\/p>\n<p>Bis zum Dezember 2008 muss eine Entscheidung getroffen sein. Sollte bis dahin kein klares Votum f\u00fcr einen Neubau erfolgen, w\u00e4re das Projekt \u201eNeubau Revier Bahnhof Saarbr\u00fccken\u201c\u2013 so wie es jetzt geplant ist \u2013 gescheitert.<\/p>\n<p><!--more--><\/p>\n<p>Roland Voss: \u201eDann gibt es als alternative \u00dcbergangsl\u00f6sung nur noch \u201eWegziehen vom Bahnhof SB \u2013 oder Container\u201c. Sollte sich das der Bund leisten, k\u00e4me dieses einer \u00f6rtlichen Bankrotterkl\u00e4rung der Inneren Sicherheit gleich\u201c.<\/p>\n","protected":false},"excerpt":{"rendered":"<p>Am 06.10.2008 f\u00fchrte die Gewerkschaft der Polizei ein politisches Hintergrundgespr\u00e4ch mit dem Bundesverkehrsminister a.D. Reinhard Klimmt (SPD) und der stellv. Fraktionsvorsitzenden der SPD im saarl\u00e4ndischen Landtag, Cornelia Hoffmann-Bethscheider.<\/p>\n","protected":false},"author":1,"featured_media":0,"comment_status":"closed","ping_status":"closed","sticky":false,"template":"","format":"standard","meta":{"footnotes":""},"categories":[10,19,1],"tags":[],"class_list":["post-775","post","type-post","status-publish","format-standard","hentry","category-allgemein","category-liegenschaften","category-uncategorized"],"_links":{"self":[{"href":"https:\/\/kg-saarland.gdpbundespolizeikoblenz.de\/index.php?rest_route=\/wp\/v2\/posts\/775","targetHints":{"allow":["GET"]}}],"collection":[{"href":"https:\/\/kg-saarland.gdpbundespolizeikoblenz.de\/index.php?rest_route=\/wp\/v2\/posts"}],"about":[{"href":"https:\/\/kg-saarland.gdpbundespolizeikoblenz.de\/index.php?rest_route=\/wp\/v2\/types\/post"}],"author":[{"embeddable":true,"href":"https:\/\/kg-saarland.gdpbundespolizeikoblenz.de\/index.php?rest_route=\/wp\/v2\/users\/1"}],"replies":[{"embeddable":true,"href":"https:\/\/kg-saarland.gdpbundespolizeikoblenz.de\/index.php?rest_route=%2Fwp%2Fv2%2Fcomments&post=775"}],"version-history":[{"count":0,"href":"https:\/\/kg-saarland.gdpbundespolizeikoblenz.de\/index.php?rest_route=\/wp\/v2\/posts\/775\/revisions"}],"wp:attachment":[{"href":"https:\/\/kg-saarland.gdpbundespolizeikoblenz.de\/index.php?rest_route=%2Fwp%2Fv2%2Fmedia&parent=775"}],"wp:term":[{"taxonomy":"category","embeddable":true,"href":"https:\/\/kg-saarland.gdpbundespolizeikoblenz.de\/index.php?rest_route=%2Fwp%2Fv2%2Fcategories&post=775"},{"taxonomy":"post_tag","embeddable":true,"href":"https:\/\/kg-saarland.gdpbundespolizeikoblenz.de\/index.php?rest_route=%2Fwp%2Fv2%2Ftags&post=775"}],"curies":[{"name":"wp","href":"https:\/\/api.w.org\/{rel}","templated":true}]}}