{"id":857,"date":"2009-09-02T23:51:42","date_gmt":"2009-09-02T21:51:42","guid":{"rendered":"http:\/\/kg-saarland.gdp-bundespolizei.de\/2009\/09\/02\/fritz-denne-feiert-sein-40-jahriges-gewerkschafts-und-dienstjubilaum\/"},"modified":"2009-09-02T23:51:42","modified_gmt":"2009-09-02T21:51:42","slug":"fritz-denne-feiert-sein-40-jahriges-gewerkschafts-und-dienstjubilaum","status":"publish","type":"post","link":"https:\/\/kg-saarland.gdpbundespolizeikoblenz.de\/?p=857","title":{"rendered":"Fritz Denne feiert sein 40 j\u00e4hriges Gewerkschafts- und Dienstjubil\u00e4um"},"content":{"rendered":"<p><strong><em><u><span style=\"font-family: Arial; font-size: 11pt\">40 Jahre Gewerkschaft und 40 Jahre im \u00f6ffentlichen Dienst<\/span><\/u><\/em><\/strong><\/p>\n<p><strong><em><u><span style=\"font-family: Arial; font-size: 11pt\"><\/span><\/u><\/em><\/strong><span style=\"font-family: Arial; font-size: 11pt\"><a href=\"http:\/\/kg-saarland.gdp-bundespolizei.de\/wp-content\/uploads\/2009\/09\/01-fritz-sept09.jpg\" target=\"_blank\"><img loading=\"lazy\" decoding=\"async\" src=\"http:\/\/kg-saarland.gdp-bundespolizei.de\/wp-content\/uploads\/2009\/09\/01-fritz-sept09.jpg\" alt=\"01 Fritz Denne Jubil\u00e4um\" style=\"width: 329px; height: 253px\" height=\"253\" width=\"329\" \/><\/a><\/span><\/p>\n<p><span style=\"font-family: Arial; font-size: 11pt\"><\/span><\/p>\n<p><span style=\"font-family: Arial; font-size: 11pt\">Im Rahmen einer Feierstunde wurde Fritz Denne am 01.09.2009 vom Direktionsgruppenvorsitzenden der Gewerkschaft der Polizei (GdP), Roland Voss und dem Leiter der BPOLI Bexbach, Peter Fuchs geehrt. <\/span><\/p>\n<p><span style=\"font-family: Arial; font-size: 11pt\"><\/span><span style=\"font-family: Arial; font-size: 11pt\">Der sozial sehr engagierte Kollege begann bereits im Alter von 15 Jahren seine berufliche Laufbahn bei der DB AG und erachtete es geradezu als Selbstverst\u00e4ndlichkeit auch Mitglied einer DGB Gewerkschaft zu sein. <!--more--><\/span><\/p>\n<p><span style=\"font-family: Arial; font-size: 11pt\"><\/span><span style=\"font-family: Arial; font-size: 11pt\">Fritz Denne erhielt erst k\u00fcrzlich f\u00fcr seine gro\u00dfen ehrenamtlichen Verdienste und sein Engagement von der Saarl\u00e4ndischen Landesregierung die Verdienstnadel des Saarlandes. <\/span><\/p>\n<p><span style=\"font-family: Arial; font-size: 11pt\"><\/span><span style=\"font-family: Arial; font-size: 11pt\"><a href=\"http:\/\/kg-saarland.gdp-bundespolizei.de\/wp-content\/uploads\/2009\/09\/02-fritz-sept09.jpg\" target=\"_blank\"><img loading=\"lazy\" decoding=\"async\" src=\"http:\/\/kg-saarland.gdp-bundespolizei.de\/wp-content\/uploads\/2009\/09\/02-fritz-sept09.jpg\" alt=\"02 Fritz Denne Sept 09\" style=\"width: 336px; height: 278px\" height=\"278\" width=\"336\" \/><\/a><\/span><\/p>\n<p><span style=\"font-family: Arial; font-size: 11pt\"><\/span><\/p>\n<p><span style=\"font-family: Arial; font-size: 11pt\">Im Rahmen seines beruflichen T\u00e4tigwerdens war und ist es f\u00fcr Fritz wichtig, sich auch in den unterschiedlichsten Personalvertretungen mit einzubringen. <\/span><\/p>\n<p><span style=\"font-family: Arial; font-size: 11pt\">Insoweit bedankt sich die GdP bei Fritz ganz herzlich f\u00fcr seine bisherige Arbeit und Treue in der GdP und zeichnete ihn mit der goldenen Ehrennadel f\u00fcr 40 Jahre Mitgliedschaft in einer DGB Gewerkschaft aus. <\/span><\/p>\n<p><span style=\"font-family: Arial; font-size: 11pt\"><\/span><\/p>\n","protected":false},"excerpt":{"rendered":"<p>40 Jahre Gewerkschaft und 40 Jahre im \u00f6ffentlichen Dienst Im Rahmen einer Feierstunde wurde Fritz Denne am 01.09.2009 vom Direktionsgruppenvorsitzenden der Gewerkschaft der Polizei (GdP), Roland Voss und dem Leiter der BPOLI Bexbach, Peter Fuchs geehrt. Der sozial sehr engagierte Kollege begann bereits im Alter von 15 Jahren seine berufliche <a class=\"more-link\" href=\"https:\/\/kg-saarland.gdpbundespolizeikoblenz.de\/?p=857\">Weiterlesen<span class=\"screen-reader-text\">Fritz Denne feiert sein 40 j\u00e4hriges Gewerkschafts- und Dienstjubil\u00e4um<\/span><span class=\"meta-nav\">&rarr;<\/span><\/a><\/p>\n","protected":false},"author":1,"featured_media":0,"comment_status":"closed","ping_status":"closed","sticky":false,"template":"","format":"standard","meta":{"footnotes":""},"categories":[10,11,15,1],"tags":[],"class_list":["post-857","post","type-post","status-publish","format-standard","hentry","category-allgemein","category-archiv","category-jubilaum","category-uncategorized"],"_links":{"self":[{"href":"https:\/\/kg-saarland.gdpbundespolizeikoblenz.de\/index.php?rest_route=\/wp\/v2\/posts\/857","targetHints":{"allow":["GET"]}}],"collection":[{"href":"https:\/\/kg-saarland.gdpbundespolizeikoblenz.de\/index.php?rest_route=\/wp\/v2\/posts"}],"about":[{"href":"https:\/\/kg-saarland.gdpbundespolizeikoblenz.de\/index.php?rest_route=\/wp\/v2\/types\/post"}],"author":[{"embeddable":true,"href":"https:\/\/kg-saarland.gdpbundespolizeikoblenz.de\/index.php?rest_route=\/wp\/v2\/users\/1"}],"replies":[{"embeddable":true,"href":"https:\/\/kg-saarland.gdpbundespolizeikoblenz.de\/index.php?rest_route=%2Fwp%2Fv2%2Fcomments&post=857"}],"version-history":[{"count":0,"href":"https:\/\/kg-saarland.gdpbundespolizeikoblenz.de\/index.php?rest_route=\/wp\/v2\/posts\/857\/revisions"}],"wp:attachment":[{"href":"https:\/\/kg-saarland.gdpbundespolizeikoblenz.de\/index.php?rest_route=%2Fwp%2Fv2%2Fmedia&parent=857"}],"wp:term":[{"taxonomy":"category","embeddable":true,"href":"https:\/\/kg-saarland.gdpbundespolizeikoblenz.de\/index.php?rest_route=%2Fwp%2Fv2%2Fcategories&post=857"},{"taxonomy":"post_tag","embeddable":true,"href":"https:\/\/kg-saarland.gdpbundespolizeikoblenz.de\/index.php?rest_route=%2Fwp%2Fv2%2Ftags&post=857"}],"curies":[{"name":"wp","href":"https:\/\/api.w.org\/{rel}","templated":true}]}}