{"id":858,"date":"2009-09-11T21:31:45","date_gmt":"2009-09-11T19:31:45","guid":{"rendered":"http:\/\/kg-saarland.gdp-bundespolizei.de\/2009\/09\/11\/hermann-schmitt-feiert-40-jahriges-gewerkschaftsjubilaum\/"},"modified":"2009-09-11T21:31:45","modified_gmt":"2009-09-11T19:31:45","slug":"hermann-schmitt-feiert-40-jahriges-gewerkschaftsjubilaum","status":"publish","type":"post","link":"https:\/\/kg-saarland.gdpbundespolizeikoblenz.de\/?p=858","title":{"rendered":"Hermann Schmitt feiert 40 j\u00e4hriges Gewerkschaftsjubil\u00e4um"},"content":{"rendered":"<p align=\"left\">Aus Anlass seines 40 &#8211; j\u00e4hrigen Gewerkschaftsjubil\u00e4ums, wurde Hermann Schmitt in einer Feierstunde vom Kreisgruppenvorsitzende Roland Voss am 11.09.2009 in Schiffweiler geehrt.<\/p>\n<p><a href=\"http:\/\/kg-saarland.gdp-bundespolizei.de\/wp-content\/uploads\/2009\/09\/hermann-schmitt-11092009-40-jahre-gdp.jpg\" target=\"_blank\"><img loading=\"lazy\" decoding=\"async\" src=\"http:\/\/kg-saarland.gdp-bundespolizei.de\/wp-content\/uploads\/2009\/09\/hermann-schmitt-11092009-40-jahre-gdp.jpg\" alt=\"hermann-schmitt-11092009-40-jahre-gdp.jpg\" style=\"width: 430px; height: 350px\" title=\"hermann-schmitt-11092009-40-jahre-gdp.jpg\" height=\"350\" width=\"430\" \/><\/a><\/p>\n<p>Bei der W\u00fcrdigung seiner Mitgliedschaft hat es sich der gesamte Vorstand der Kreisgruppe nicht nehmen lassen, Hermann Schmitt die die herzlichsten Gl\u00fcckw\u00fcnsche auszusprechen.<br \/>\nF\u00fcr den Jubilar ist es selbstverst\u00e4ndlich, Mitglied in einer DGB Gewerkschaft zu sein.<br \/>\nGewerkschaften sind heute noch wichtiger als damals.<\/p>\n<p align=\"left\">So hat er sich in den zur\u00fcckliegenden Jahren in seinem beruflichen T\u00e4tigkeitsfeld immer wieder dem schnellen technologischen Wandel gestellt und sich in den verschiedenen Aufgabenfeldern hervorragend bew\u00e4hrt.<\/p>\n<p align=\"left\">Es ist der GdP daher eine besondere Freude, sich bei Hermann Schmitt f\u00fcr seine bisherige Arbeit und Treue in einer DGB Gewerkschaft und der GdP zu bedanken und ihn mit der goldenen Ehrennadel f\u00fcr 40 Jahre Mitgliedschaft auszuzeichnen.<\/p>\n<p align=\"left\">&nbsp;<\/p>\n<p align=\"left\"><a href=\"http:\/\/kg-saarland.gdp-bundespolizei.de\/wp-content\/uploads\/2009\/09\/hermann-schmitt-11092009-kopie.jpg\" title=\"H. Schmitt\"><br \/>\n<\/a><\/p>\n","protected":false},"excerpt":{"rendered":"<p>Aus Anlass seines 40 &#8211; j\u00e4hrigen Gewerkschaftsjubil\u00e4ums, wurde Hermann Schmitt in einer Feierstunde vom Kreisgruppenvorsitzende Roland Voss am 11.09.2009 in Schiffweiler geehrt. Bei der W\u00fcrdigung seiner Mitgliedschaft hat es sich der gesamte Vorstand der Kreisgruppe nicht nehmen lassen, Hermann Schmitt die die herzlichsten Gl\u00fcckw\u00fcnsche auszusprechen. F\u00fcr den Jubilar ist es <a class=\"more-link\" href=\"https:\/\/kg-saarland.gdpbundespolizeikoblenz.de\/?p=858\">Weiterlesen<span class=\"screen-reader-text\">Hermann Schmitt feiert 40 j\u00e4hriges Gewerkschaftsjubil\u00e4um<\/span><span class=\"meta-nav\">&rarr;<\/span><\/a><\/p>\n","protected":false},"author":1,"featured_media":0,"comment_status":"closed","ping_status":"closed","sticky":false,"template":"","format":"standard","meta":{"footnotes":""},"categories":[10,15,1],"tags":[],"class_list":["post-858","post","type-post","status-publish","format-standard","hentry","category-allgemein","category-jubilaum","category-uncategorized"],"_links":{"self":[{"href":"https:\/\/kg-saarland.gdpbundespolizeikoblenz.de\/index.php?rest_route=\/wp\/v2\/posts\/858","targetHints":{"allow":["GET"]}}],"collection":[{"href":"https:\/\/kg-saarland.gdpbundespolizeikoblenz.de\/index.php?rest_route=\/wp\/v2\/posts"}],"about":[{"href":"https:\/\/kg-saarland.gdpbundespolizeikoblenz.de\/index.php?rest_route=\/wp\/v2\/types\/post"}],"author":[{"embeddable":true,"href":"https:\/\/kg-saarland.gdpbundespolizeikoblenz.de\/index.php?rest_route=\/wp\/v2\/users\/1"}],"replies":[{"embeddable":true,"href":"https:\/\/kg-saarland.gdpbundespolizeikoblenz.de\/index.php?rest_route=%2Fwp%2Fv2%2Fcomments&post=858"}],"version-history":[{"count":0,"href":"https:\/\/kg-saarland.gdpbundespolizeikoblenz.de\/index.php?rest_route=\/wp\/v2\/posts\/858\/revisions"}],"wp:attachment":[{"href":"https:\/\/kg-saarland.gdpbundespolizeikoblenz.de\/index.php?rest_route=%2Fwp%2Fv2%2Fmedia&parent=858"}],"wp:term":[{"taxonomy":"category","embeddable":true,"href":"https:\/\/kg-saarland.gdpbundespolizeikoblenz.de\/index.php?rest_route=%2Fwp%2Fv2%2Fcategories&post=858"},{"taxonomy":"post_tag","embeddable":true,"href":"https:\/\/kg-saarland.gdpbundespolizeikoblenz.de\/index.php?rest_route=%2Fwp%2Fv2%2Ftags&post=858"}],"curies":[{"name":"wp","href":"https:\/\/api.w.org\/{rel}","templated":true}]}}