{"id":870,"date":"2009-12-07T09:58:50","date_gmt":"2009-12-07T07:58:50","guid":{"rendered":"http:\/\/kg-saarland.gdp-bundespolizei.de\/2009\/12\/09\/25-jahre-gewerkschaft-der-polizei\/"},"modified":"2009-12-07T09:58:50","modified_gmt":"2009-12-07T07:58:50","slug":"25-jahre-gewerkschaft-der-polizei","status":"publish","type":"post","link":"https:\/\/kg-saarland.gdpbundespolizeikoblenz.de\/?p=870","title":{"rendered":"25 Jahre Gewerkschaft der Polizei"},"content":{"rendered":"<p><strong>Ehrung f\u00fcr 25 Jahre Mitgliedschaft in der GdP<\/strong><\/p>\n<p>Im Rahmen einer Feierstunde \u00fcberreichte der Kreisgruppenvorsitzende Roland Voss dem Jubilar, im Beisein des Vorstandes der GdP Kreisgruppe Saarland die Dankesurkunde und Ehrennnadel.<\/p>\n<p><a href=\"http:\/\/kg-saarland.gdp-bundespolizei.de\/wp-content\/uploads\/2009\/12\/pict0236.JPG\" title=\"pict0236.JPG\"><img loading=\"lazy\" decoding=\"async\" src=\"http:\/\/kg-saarland.gdp-bundespolizei.de\/wp-content\/uploads\/2009\/12\/pict0236.JPG\" alt=\"pict0236.JPG\" height=\"212\" width=\"324\" \/><\/a><\/p>\n<p>Roland Voss bedankt sich bei Werner Berger f\u00fcr seine Mitgliedschaft in der GdP. Gleichzeitig hob er hervor, dass Werner Berger sich stets vorbildlich f\u00fcr seine Kolleginnen und Kollegen einsetzt. Sein soziales Engagement wird durch seine langj\u00e4hirige aktive Mitarbeit im \u00d6PR, aber auch im Kreisgruppenvorstand unterstrichen.<\/p>\n<p><!--more-->Werner Berger, der auch stellvertretender Kreisgruppenvorsitzender ist, engiert sich zudem parteipolitisch in der CDU.<\/p>\n<p>&#8222;Seinen Kontakte und seinem Engagement auf allen Ebenen haben wir viel zu verdanken&#8220;, so Roland Voss.<\/p>\n<p>Hierf\u00fcr geb\u00fchrt Werner Berger ein ganz besonderes Lob und gro\u00dfe Anerkennung.<\/p>\n<p>Dir lieber Werner, alles Gute, viel Gesundheit und Zufriedenheit und ein herzliches Gl\u00fcck-Auf!<\/p>\n","protected":false},"excerpt":{"rendered":"<p>Ehrung f\u00fcr 25 Jahre Mitgliedschaft in der GdP Im Rahmen einer Feierstunde \u00fcberreichte der Kreisgruppenvorsitzende Roland Voss dem Jubilar, im Beisein des Vorstandes der GdP Kreisgruppe Saarland die Dankesurkunde und Ehrennnadel. Roland Voss bedankt sich bei Werner Berger f\u00fcr seine Mitgliedschaft in der GdP. Gleichzeitig hob er hervor, dass Werner <a class=\"more-link\" href=\"https:\/\/kg-saarland.gdpbundespolizeikoblenz.de\/?p=870\">Weiterlesen<span class=\"screen-reader-text\">25 Jahre Gewerkschaft der Polizei<\/span><span class=\"meta-nav\">&rarr;<\/span><\/a><\/p>\n","protected":false},"author":1,"featured_media":0,"comment_status":"closed","ping_status":"closed","sticky":false,"template":"","format":"standard","meta":{"footnotes":""},"categories":[10,15,1],"tags":[],"class_list":["post-870","post","type-post","status-publish","format-standard","hentry","category-allgemein","category-jubilaum","category-uncategorized"],"_links":{"self":[{"href":"https:\/\/kg-saarland.gdpbundespolizeikoblenz.de\/index.php?rest_route=\/wp\/v2\/posts\/870","targetHints":{"allow":["GET"]}}],"collection":[{"href":"https:\/\/kg-saarland.gdpbundespolizeikoblenz.de\/index.php?rest_route=\/wp\/v2\/posts"}],"about":[{"href":"https:\/\/kg-saarland.gdpbundespolizeikoblenz.de\/index.php?rest_route=\/wp\/v2\/types\/post"}],"author":[{"embeddable":true,"href":"https:\/\/kg-saarland.gdpbundespolizeikoblenz.de\/index.php?rest_route=\/wp\/v2\/users\/1"}],"replies":[{"embeddable":true,"href":"https:\/\/kg-saarland.gdpbundespolizeikoblenz.de\/index.php?rest_route=%2Fwp%2Fv2%2Fcomments&post=870"}],"version-history":[{"count":0,"href":"https:\/\/kg-saarland.gdpbundespolizeikoblenz.de\/index.php?rest_route=\/wp\/v2\/posts\/870\/revisions"}],"wp:attachment":[{"href":"https:\/\/kg-saarland.gdpbundespolizeikoblenz.de\/index.php?rest_route=%2Fwp%2Fv2%2Fmedia&parent=870"}],"wp:term":[{"taxonomy":"category","embeddable":true,"href":"https:\/\/kg-saarland.gdpbundespolizeikoblenz.de\/index.php?rest_route=%2Fwp%2Fv2%2Fcategories&post=870"},{"taxonomy":"post_tag","embeddable":true,"href":"https:\/\/kg-saarland.gdpbundespolizeikoblenz.de\/index.php?rest_route=%2Fwp%2Fv2%2Ftags&post=870"}],"curies":[{"name":"wp","href":"https:\/\/api.w.org\/{rel}","templated":true}]}}