{"id":904,"date":"2010-09-15T08:30:54","date_gmt":"2010-09-15T06:30:54","guid":{"rendered":"http:\/\/kg-saarland.gdp-bundespolizei.de\/2010\/09\/15\/willi-morschett-feiert-40-jahriges-gewerkschaftsjubilaum\/"},"modified":"2010-09-15T08:30:54","modified_gmt":"2010-09-15T06:30:54","slug":"willi-morschett-feiert-40-jahriges-gewerkschaftsjubilaum","status":"publish","type":"post","link":"https:\/\/kg-saarland.gdpbundespolizeikoblenz.de\/?p=904","title":{"rendered":"Willi Morschett feiert 40 j\u00e4hriges Gewerkschaftsjubil\u00e4um"},"content":{"rendered":"<p><span style=\"font-size: 10pt\"><font face=\"Times New Roman\"><img loading=\"lazy\" decoding=\"async\" width=\"160\" src=\"http:\/\/kg-saarland.gdp-bundespolizei.de\/wp-content\/uploads\/2010\/09\/mor.JPG\" alt=\"Morschett01\" height=\"200\" style=\"width: 160px; height: 200px\" \/>Aus Anlass seines 40 &#8211; j\u00e4hrigen Gewerkschafts- und Dienstjubil\u00e4ums, wurde Willi Morschett <span>\u00a0<\/span>in einer Feierstunde geehrt. <\/font><\/span><\/p>\n<p><span style=\"font-size: 10pt\"><font face=\"Times New Roman\">Die Ehrung f\u00fcr 4o Jahre Mitgliedschaft in einer DGB Gewerkschaft f\u00fchrte Mike Egner f\u00fcr den Kreisgruppenvorstand durch. <\/font><\/span><\/p>\n<p><span style=\"font-size: 10pt\"><font face=\"Times New Roman\">Den Dank f\u00fcr 40 Jahre Dienst f\u00fcr die Bundesrepublik Deutschland sprach der Inspektionsleiter Peter <span>\u00a0<\/span>Fuchs aus. <\/font><\/span><span style=\"font-size: 10pt\"><font face=\"Times New Roman\"><img loading=\"lazy\" decoding=\"async\" width=\"126\" src=\"http:\/\/kg-saarland.gdp-bundespolizei.de\/wp-content\/uploads\/2010\/09\/mor_2.JPG\" alt=\"Morschet02\" height=\"143\" style=\"width: 126px; height: 143px\" \/><\/font><\/span><\/p>\n<p><span style=\"font-size: 10pt\"><font face=\"Times New Roman\">Willi Morschett erhielt die Ehrennadel der GdP f\u00fcr 40 Jahre Mitgliedschaft. <\/font><\/span><\/p>\n<p><span style=\"font-size: 10pt\"><font face=\"Times New Roman\">Die GdP w\u00fcnscht zum Dienstjubil\u00e4um alles Gute und bedankt sich f\u00fcr die langj\u00e4hrige Treue zur Gewerkschaft der Polizei.<\/font><\/span><span style=\"font-size: 10pt\"><font face=\"Times New Roman\">Der Kreisgruppenvorstand <\/font><\/span><\/p>\n","protected":false},"excerpt":{"rendered":"<p>Aus Anlass seines 40 &#8211; j\u00e4hrigen Gewerkschafts- und Dienstjubil\u00e4ums, wurde Willi Morschett \u00a0in einer Feierstunde geehrt. Die Ehrung f\u00fcr 4o Jahre Mitgliedschaft in einer DGB Gewerkschaft f\u00fchrte Mike Egner f\u00fcr den Kreisgruppenvorstand durch. Den Dank f\u00fcr 40 Jahre Dienst f\u00fcr die Bundesrepublik Deutschland sprach der Inspektionsleiter Peter \u00a0Fuchs aus. Willi <a class=\"more-link\" href=\"https:\/\/kg-saarland.gdpbundespolizeikoblenz.de\/?p=904\">Weiterlesen<span class=\"screen-reader-text\">Willi Morschett feiert 40 j\u00e4hriges Gewerkschaftsjubil\u00e4um<\/span><span class=\"meta-nav\">&rarr;<\/span><\/a><\/p>\n","protected":false},"author":1,"featured_media":0,"comment_status":"closed","ping_status":"closed","sticky":false,"template":"","format":"standard","meta":{"footnotes":""},"categories":[15,1],"tags":[],"class_list":["post-904","post","type-post","status-publish","format-standard","hentry","category-jubilaum","category-uncategorized"],"_links":{"self":[{"href":"https:\/\/kg-saarland.gdpbundespolizeikoblenz.de\/index.php?rest_route=\/wp\/v2\/posts\/904","targetHints":{"allow":["GET"]}}],"collection":[{"href":"https:\/\/kg-saarland.gdpbundespolizeikoblenz.de\/index.php?rest_route=\/wp\/v2\/posts"}],"about":[{"href":"https:\/\/kg-saarland.gdpbundespolizeikoblenz.de\/index.php?rest_route=\/wp\/v2\/types\/post"}],"author":[{"embeddable":true,"href":"https:\/\/kg-saarland.gdpbundespolizeikoblenz.de\/index.php?rest_route=\/wp\/v2\/users\/1"}],"replies":[{"embeddable":true,"href":"https:\/\/kg-saarland.gdpbundespolizeikoblenz.de\/index.php?rest_route=%2Fwp%2Fv2%2Fcomments&post=904"}],"version-history":[{"count":0,"href":"https:\/\/kg-saarland.gdpbundespolizeikoblenz.de\/index.php?rest_route=\/wp\/v2\/posts\/904\/revisions"}],"wp:attachment":[{"href":"https:\/\/kg-saarland.gdpbundespolizeikoblenz.de\/index.php?rest_route=%2Fwp%2Fv2%2Fmedia&parent=904"}],"wp:term":[{"taxonomy":"category","embeddable":true,"href":"https:\/\/kg-saarland.gdpbundespolizeikoblenz.de\/index.php?rest_route=%2Fwp%2Fv2%2Fcategories&post=904"},{"taxonomy":"post_tag","embeddable":true,"href":"https:\/\/kg-saarland.gdpbundespolizeikoblenz.de\/index.php?rest_route=%2Fwp%2Fv2%2Ftags&post=904"}],"curies":[{"name":"wp","href":"https:\/\/api.w.org\/{rel}","templated":true}]}}