{"id":930,"date":"2011-05-27T09:57:24","date_gmt":"2011-05-27T07:57:24","guid":{"rendered":"http:\/\/kg-saarland.gdp-bundespolizei.de\/2011\/05\/27\/saarbrucker-zeitung-der-bundespoliziei-geht-der-sprit-aus\/"},"modified":"2011-05-27T09:57:24","modified_gmt":"2011-05-27T07:57:24","slug":"saarbrucker-zeitung-der-bundespoliziei-geht-der-sprit-aus","status":"publish","type":"post","link":"https:\/\/kg-saarland.gdpbundespolizeikoblenz.de\/?p=930","title":{"rendered":"Saarbr\u00fccker Zeitung: Der Bundespolizei geht der Sprit aus"},"content":{"rendered":"<p><a target=\"_blank\"><img loading=\"lazy\" decoding=\"async\" style=\"width: 441px; height: 362px;\" alt=\"\" src=\"http:\/\/kg-saarland.gdp-bundespolizei.de\/wp-content\/uploads\/2011\/05\/polizei-geht-der-sprit-aus-web.jpg\" width=\"441\" height=\"362\" \/><\/a><\/p>\n<p>Liebe Kolleginnen und Kollegen,<\/p>\n<p>die ausf\u00fchrliche Berichterstattung der\u00a0 Saarbr\u00fccker Zeitung vom Mittwoch hat ein bundesweites Echo hervorgerufen.<\/p>\n<p>Der Bundestagsinnenausschuss wird sich mit der Thematik besch\u00e4ftigen und wir werden nicht locker lassen, bis wir unsere Aufgaben so erf\u00fcllen k\u00f6nnen, wie\u00a0 die B\u00fcrgerinnen und B\u00fcrger unseres Landes das von uns erwarten d\u00fcrfen.<\/p>\n<p><a href=\"http:\/\/www.saarbruecker-zeitung.de\/sz-berichte\/saarland\/Bundespolizei-geht-bald-der-Sprit-aus;art2814,3777161#.Td8iFFuaeB0\" target=\"_blank\">Saarbr\u00fccker Zeitung vom 24.05.2011:<\/a><\/p>\n<p><a title=\"BPOL geht Sprit aus\" href=\"http:\/\/kg-saarland.gdp-bundespolizei.de\/wp-content\/uploads\/2011\/05\/bpol-geht-sprit-aus.pdf\" target=\"_blank\">BPOL geht Sprit aus<\/a><\/p>\n<p>Pressemitteilung MdB Markus Tressel: <a title=\"PM Markus Tressel\" href=\"http:\/\/kg-saarland.gdp-bundespolizei.de\/wp-content\/uploads\/2011\/05\/pm-tressel-2011-05-26-bpol-benzindebatte.pdf\" target=\"_blank\">PM Markus Tressel<\/a><\/p>\n<p>Pressemitteilung MdL Stephan Pauluhn: <a href=\"http:\/\/www.spd-fraktion-saar.de\/index.php?id=751&amp;no_cache=1&amp;tx_ttnews[tt_news]=54839&amp;tx_ttnews[backPid]=10&amp;cHash=0a947c197e\" target=\"_blank\">PM Stephan Pauluhn<\/a><\/p>\n<p><a href=\"http:\/\/www.focus.de\/politik\/deutschland\/polizei-bundespolizei-muss-sparen-und-rationiert-den-sprit_aid_631093.html\" target=\"_blank\">FOCUS online<\/a>:<\/p>\n<p><a href=\"http:\/\/www.n-tv.de\/politik\/Polizei-Sprit-rationiert-article3412941.html\" target=\"_blank\">n-tv:<\/a><\/p>\n<p><a href=\"http:\/\/www.bild.de\/politik\/inland\/benzin-e10\/bundes-polizei-geht-der-sprit-aus-17546626.bild.html\" target=\"_blank\">bild.de:<\/a><\/p>\n<p><a href=\"http:\/\/www.heute.de\/ZDFheute\/inhalt\/4\/0,3672,8241060,00.html\" target=\"_blank\">ZDF &#8211; Heute-online<\/a>:<\/p>\n<p><a href=\"http:\/\/www.donaukurier.de\/nachrichten\/topnews\/D-Polizei-Finanzen-Bundespolizei-muss-Sprit-rationieren;art154776,2421545\" target=\"_blank\">Donaukurier.de<\/a><\/p>\n<p><a href=\"http:\/\/www.fuldaerzeitung.de\/nachrichten\/huenfeld\/Huenfeld-Bundespolizei-muss-Sprit-sparen-Keine-Einschraenkungen-bei-Einsaetzen;art17,413884\" target=\"_blank\">Fuldaer Zeitung<\/a><\/p>\n<p><a href=\"http:\/\/www.n24.de\/news\/newsitem_6924297.html\" target=\"_blank\">n24.de<\/a><\/p>\n<p><a href=\"http:\/\/www.weser-kurier.de\/Artikel\/News\/Politik\/Inland\/384021\/Bundespolizei-muss-sparen---und-rationiert-den-Sprit.html\" target=\"_blank\">Weser Kurier<\/a><\/p>\n<p><a href=\"http:\/\/www.ftd.de\/politik\/deutschland\/:bundespolizei-muss-sparen-und-rationiert-den-sprit\/60056996.html\" target=\"_blank\">FTD (Financel Times Deutschland)<\/a><\/p>\n<p><a href=\"http:\/\/www.ln-online.de\/nachrichten\/norddeutschland\/3129121\/Bundespolizei_muss_Sprit_rationieren_%E2%80%93_auch_in_L%C3%BCbeck\" target=\"_blank\">L\u00fcbecker Nachrichten<\/a><\/p>\n<p><a href=\"http:\/\/www.infranken.de\/nachrichten\/newsticker-national\/politik\/inland\/Polizei-Bundespolizei-muss-sparen-und-rationiert-den-Sprit;art14268,165562\" target=\"_blank\">inFranken.de <\/a><\/p>\n<p><a href=\"http:\/\/www.shortnews.de\/id\/895605\/Deutsche-Polizei-bald-ohne-Sprit\" target=\"_blank\">ShortNews: Deutsche Polizei bald ohne Sprit<\/a><\/p>\n<p><a href=\"http:\/\/www.giessener-allgemeine.de\/Home\/Nachrichten\/Politik\/Artikel,-Bundespolizei-muss-sparen-und-rationiert-den-Sprit-_arid,262528_regid,1_puid,1_pageid,10.html\" target=\"_blank\">Gie\u00dfener Allgemeine<\/a><\/p>\n<p><a href=\"http:\/\/www.abendzeitung-muenchen.de\/inhalt.polizei-bundespolizei-muss-sparen-und-rationiert-den-sprit.e85e6630-f1ca-408b-84c0-8b3ff1f6d630.html\" target=\"_blank\">Abendzeitung M\u00fcnchen<\/a><\/p>\n<p><a href=\"http:\/\/www.antenne.de\/Bundespolizei-muss-sparen---und-rationiert-den-Sprit__japan_376171_news.html\" target=\"_blank\">antenne.de<\/a><\/p>\n<p><a href=\"http:\/\/www.suedkurier.de\/news\/brennpunkte\/politik\/Bundespolizei-muss-Sprit-sparen;art410924,4909763\" target=\"_blank\">S\u00fcdkurier<\/a><\/p>\n<p><a href=\"http:\/\/www.welt.de\/newsticker\/dpa_nt\/infoline_nt\/schlaglichter_nt\/article13392346\/Bundespolizei-rationiert-Benzin.html\" target=\"_blank\">Welt online<\/a><\/p>\n<p><a href=\"http:\/\/www.moz.de\/artikel-ansicht\/dg\/0\/1\/302745\/\" target=\"_blank\">MOZ (M\u00e4rkische Oderzeitung)<\/a><\/p>\n<p><a href=\"http:\/\/www.recklinghaeuser-zeitung.de\/nachrichten\/Bundespolizei-muss-sparen-und-rationiert-den-Sprit;art818,474929\" target=\"_blank\">Recklingh\u00e4user Zeitung<\/a><\/p>\n<p><a href=\"http:\/\/www.wdr.de\/tv\/wdraktuell\/sendungsbeitraege\/2011\/kw21\/0525\/Sprit-sparen.jsp\" target=\"_blank\">WDR: Verbrecherjagd auf dem Fahrrad?<\/a><\/p>\n<p><a href=\"http:\/\/www.haz.de\/Nachrichten\/Panorama\/Uebersicht\/Bundespolizei-rationiert-Sprit-fuer-ihren-Fuhrpark\" target=\"_blank\">Hannoversche Allgemeine: Bundespolizei rationiert Sprit f\u00fcr ihren Fuhrpark <\/a><\/p>\n<p><a href=\"http:\/\/www.rbb-online.de\/brandenburgaktuell\/archiv\/index.media.!etc!medialib!rbb!rbb!aktuell!aktuell_20110526_polizei.html\" target=\"_blank\">rbb Berlin-Brandenburg:<\/a><\/p>\n<p><a href=\"http:\/\/www.news-de.com\/politik\/spd-innenpolitiker-wiefelsputz-missbilligt-benzin-rationierung-bei-der-bundespolizei\/?sms_ss=facebook&amp;at_xt=4ddd5ad2d0c4eab1%2C0\" target=\"_blank\">Innenpolitischer Sprecher der SPD Wiefelsp\u00fctz<\/a><\/p>\n<p><a href=\"http:\/\/www.augsburger-allgemeine.de\/politik\/Bundespolizei-muss-sparen-und-rationiert-den-Sprit-id15222646.html\" target=\"_blank\">Augsburger Allgemeine<\/a><\/p>\n<p><a href=\"http:\/\/www.clipfish.de\/special\/rtl-news\/video\/3593828\/bundespolizei-geht-der-sprit-aus\/\" target=\"_blank\">clipfish: rtl-news<\/a><\/p>\n<p><a href=\"http:\/\/www.nordbayern.de\/nuernberger-nachrichten\/politik\/bundespolizei-rationiert-den-sprit-1.1258759\" target=\"_blank\">N\u00fcrnberger Nachrichten<\/a><\/p>\n<p><a href=\"http:\/\/www.ksta.de\/html\/artikel\/1305884909616.shtml\" target=\"_blank\">K\u00f6lner Stadtanzeiger: Sprit sparen ist erst der Anfang<\/a><\/p>\n<p><a href=\"http:\/\/www.pkwradar.de\/news\/sprit-sparen-bundespolizei-sitzt-auf-dem-trockenen-30963\/\" target=\"_blank\">PKW Radar: Bundespolizei sitz auf dem Trockenen <\/a><\/p>\n<p><a href=\"http:\/\/www.suedkurier.de\/news\/brennpunkte\/politik\/Bundespolizei-muss-Sprit-sparen;art410924,4909763?utm_source=feedburner&amp;utm_medium=feed&amp;utm_campaign=Feed%3A+Suedkurier_aktuell+%28Suedkurier.de+-+Aktuelle+Nachrichten+aus+aller+Welt%29\" target=\"_blank\">S\u00fcdkurier<\/a><\/p>\n<p><a href=\"http:\/\/www.sn-online.de\/Nachrichten\/Welt-im-Spiegel\/Uebersicht\/Bundespolizei-rationiert-Sprit-fuer-ihren-Fuhrpark\" target=\"_blank\">Schaumburger Nachrichten <\/a><\/p>\n<p><a href=\"http:\/\/www.berlinonline.de\/aktuelles\/nachrichten\/detail_afp_CNG.8ea3cdbbd66d6abe2963207a54c86811.41.php\" target=\"_blank\">berlinonline.de<\/a><\/p>\n<p><a href=\"http:\/\/www.br-online.de\/bayern2\/radiowelt\/ende-der-welt-benzin-polizei-ID1306388197801.xml\" target=\"_blank\">br-online: Das wird bestimmt lustig, wenn die Schleierfahndung \u00fcber die Mitfahrzentrale abgewickelt wird.<\/a><\/p>\n<p><a href=\"http:\/\/www.hitradio-rtl.de\/top-aktuell\/lokal\/singleview-sachsen\/bundespolizei-in-goerlitz-muss-sprit-sparen\/\" target=\"_blank\">Hitradio RTL: Bundespolizei in G\u00f6rlitz muss Sprit sparen<\/a><\/p>\n<p><a href=\"http:\/\/www.rhein-zeitung.de\/nachrichten\/deutschland-und-welt_artikel,-Zeitung-Bundespolizei-rationiert-Benzin-_arid,253428.html\" target=\"_blank\">Rhein-Zeitung<\/a><\/p>\n<p><a href=\"http:\/\/www.gdp.de\/gdp\/gdp.nsf\/id\/DE_GdP-Bundespolizei_Spritnot_bei_der_Bundespolizei?open&amp;l=DE&amp;ccm=000\" target=\"_blank\">GdP.de<\/a><\/p>\n<p>Wir sammeln weiterhin eure Erfahrungen mit dem &#8222;Spardiktat&#8220;, deren Auswirkungen und Vorschl\u00e4ge zur Thematik.<\/p>\n<p><a href=\"http:\/\/kg-saarland.gdp-bundespolizei.de\/wp-content\/uploads\/2011\/05\/sparmasnahmen-an-die-politik.pdf\" target=\"_blank\">Nur die Politik kann uns noch helfen<\/a><\/p>\n<p>Euer<\/p>\n<p>Roland Voss<\/p>\n","protected":false},"excerpt":{"rendered":"<p>Liebe Kolleginnen und Kollegen, die ausf\u00fchrliche Berichterstattung der\u00a0 Saarbr\u00fccker Zeitung vom Mittwoch hat ein bundesweites Echo hervorgerufen. Der Bundestagsinnenausschuss wird sich mit der Thematik besch\u00e4ftigen und wir werden nicht locker lassen, bis wir unsere Aufgaben so erf\u00fcllen k\u00f6nnen, wie\u00a0 die B\u00fcrgerinnen und B\u00fcrger unseres Landes das von uns erwarten d\u00fcrfen. <a class=\"more-link\" href=\"https:\/\/kg-saarland.gdpbundespolizeikoblenz.de\/?p=930\">Weiterlesen<span class=\"screen-reader-text\">Saarbr\u00fccker Zeitung: Der Bundespolizei geht der Sprit aus<\/span><span class=\"meta-nav\">&rarr;<\/span><\/a><\/p>\n","protected":false},"author":1,"featured_media":0,"comment_status":"closed","ping_status":"closed","sticky":false,"template":"","format":"standard","meta":{"footnotes":""},"categories":[10,11,1],"tags":[],"class_list":["post-930","post","type-post","status-publish","format-standard","hentry","category-allgemein","category-archiv","category-uncategorized"],"_links":{"self":[{"href":"https:\/\/kg-saarland.gdpbundespolizeikoblenz.de\/index.php?rest_route=\/wp\/v2\/posts\/930","targetHints":{"allow":["GET"]}}],"collection":[{"href":"https:\/\/kg-saarland.gdpbundespolizeikoblenz.de\/index.php?rest_route=\/wp\/v2\/posts"}],"about":[{"href":"https:\/\/kg-saarland.gdpbundespolizeikoblenz.de\/index.php?rest_route=\/wp\/v2\/types\/post"}],"author":[{"embeddable":true,"href":"https:\/\/kg-saarland.gdpbundespolizeikoblenz.de\/index.php?rest_route=\/wp\/v2\/users\/1"}],"replies":[{"embeddable":true,"href":"https:\/\/kg-saarland.gdpbundespolizeikoblenz.de\/index.php?rest_route=%2Fwp%2Fv2%2Fcomments&post=930"}],"version-history":[{"count":0,"href":"https:\/\/kg-saarland.gdpbundespolizeikoblenz.de\/index.php?rest_route=\/wp\/v2\/posts\/930\/revisions"}],"wp:attachment":[{"href":"https:\/\/kg-saarland.gdpbundespolizeikoblenz.de\/index.php?rest_route=%2Fwp%2Fv2%2Fmedia&parent=930"}],"wp:term":[{"taxonomy":"category","embeddable":true,"href":"https:\/\/kg-saarland.gdpbundespolizeikoblenz.de\/index.php?rest_route=%2Fwp%2Fv2%2Fcategories&post=930"},{"taxonomy":"post_tag","embeddable":true,"href":"https:\/\/kg-saarland.gdpbundespolizeikoblenz.de\/index.php?rest_route=%2Fwp%2Fv2%2Ftags&post=930"}],"curies":[{"name":"wp","href":"https:\/\/api.w.org\/{rel}","templated":true}]}}