{"id":932,"date":"2011-07-13T14:37:02","date_gmt":"2011-07-13T12:37:02","guid":{"rendered":"http:\/\/kg-saarland.gdp-bundespolizei.de\/2011\/07\/13\/sommer-und-familienfest-der-gdp-kreisgruppe-saarland\/"},"modified":"2011-07-13T14:37:02","modified_gmt":"2011-07-13T12:37:02","slug":"sommer-und-familienfest-der-gdp-kreisgruppe-saarland","status":"publish","type":"post","link":"https:\/\/kg-saarland.gdpbundespolizeikoblenz.de\/?p=932","title":{"rendered":"Sommer- und Familienfest der GdP Kreisgruppe Saarland"},"content":{"rendered":"<p>Liebe Kolleginnen und Kollegen,zum Sommer- und Familienfest der GdP Kreisgruppe Saarland laden wir herzlich ein.<\/p>\n<p>Eine besondere Ehre wird es sein, gleichzeitig die Er\u00f6ffnung des neuen Reviers an der Goldenen Bremm zu feiern.<\/p>\n<p>Ohne die GdP g\u00e4be es heute noch kein neues Revier an der Goldenen Bremm. Grund f\u00fcr uns, unser Sommerfest an den Tag der offiziellen Einweihung und Er\u00f6ffnung zu legen und mit der Dienststelle zusammen an diesem Tag zu feiern.<\/p>\n<p>Hierzu laden wir alle Kolleginnen und Kollegen und ihre Familienmitglieder herzlich ein.Datum:<\/p>\n<p>Freitag, 12.August 2011 ab ca. 13.00 Uhr<\/p>\n<p>Ort: Goldene Bremm<\/p>\n<p>F\u00fcr Kaffee und Kuchen, sowie Getr\u00e4nke ist gesorgt.<\/p>\n<p>Aus organisatorischen Gr\u00fcnden bitten wir um <strong>Anmeldung bis 08.August 2011<\/strong> an:<\/p>\n<p>GdP Kreisgruppe Saarland * GdP Gesch\u00e4ftsstelle * Saarpfalz Park 5 * 66450 Bexbach<\/p>\n<p>Tel.: 06826 \/ 522-150<\/p>\n<p>Wir freuen uns auf zahlreiches Erscheinen.Roland Voss<a target=\"_blank\" href=\"http:\/\/kg-saarland.gdp-bundespolizei.de\/wp-content\/uploads\/2011\/07\/einladung-sommerfest-2011.pdf\">\u00a0<\/a><\/p>\n<p><a target=\"_blank\" href=\"http:\/\/kg-saarland.gdp-bundespolizei.de\/wp-content\/uploads\/2011\/07\/einladung-sommerfest-2011.pdf\"><br \/>\n<\/a><\/p>\n","protected":false},"excerpt":{"rendered":"<p>Liebe Kolleginnen und Kollegen,zum Sommer- und Familienfest der GdP Kreisgruppe Saarland laden wir herzlich ein. Eine besondere Ehre wird es sein, gleichzeitig die Er\u00f6ffnung des neuen Reviers an der Goldenen Bremm zu feiern. Ohne die GdP g\u00e4be es heute noch kein neues Revier an der Goldenen Bremm. Grund f\u00fcr uns, <a class=\"more-link\" href=\"https:\/\/kg-saarland.gdpbundespolizeikoblenz.de\/?p=932\">Weiterlesen<span class=\"screen-reader-text\">Sommer- und Familienfest der GdP Kreisgruppe Saarland<\/span><span class=\"meta-nav\">&rarr;<\/span><\/a><\/p>\n","protected":false},"author":1,"featured_media":0,"comment_status":"closed","ping_status":"closed","sticky":false,"template":"","format":"standard","meta":{"footnotes":""},"categories":[10,11,1],"tags":[],"class_list":["post-932","post","type-post","status-publish","format-standard","hentry","category-allgemein","category-archiv","category-uncategorized"],"_links":{"self":[{"href":"https:\/\/kg-saarland.gdpbundespolizeikoblenz.de\/index.php?rest_route=\/wp\/v2\/posts\/932","targetHints":{"allow":["GET"]}}],"collection":[{"href":"https:\/\/kg-saarland.gdpbundespolizeikoblenz.de\/index.php?rest_route=\/wp\/v2\/posts"}],"about":[{"href":"https:\/\/kg-saarland.gdpbundespolizeikoblenz.de\/index.php?rest_route=\/wp\/v2\/types\/post"}],"author":[{"embeddable":true,"href":"https:\/\/kg-saarland.gdpbundespolizeikoblenz.de\/index.php?rest_route=\/wp\/v2\/users\/1"}],"replies":[{"embeddable":true,"href":"https:\/\/kg-saarland.gdpbundespolizeikoblenz.de\/index.php?rest_route=%2Fwp%2Fv2%2Fcomments&post=932"}],"version-history":[{"count":0,"href":"https:\/\/kg-saarland.gdpbundespolizeikoblenz.de\/index.php?rest_route=\/wp\/v2\/posts\/932\/revisions"}],"wp:attachment":[{"href":"https:\/\/kg-saarland.gdpbundespolizeikoblenz.de\/index.php?rest_route=%2Fwp%2Fv2%2Fmedia&parent=932"}],"wp:term":[{"taxonomy":"category","embeddable":true,"href":"https:\/\/kg-saarland.gdpbundespolizeikoblenz.de\/index.php?rest_route=%2Fwp%2Fv2%2Fcategories&post=932"},{"taxonomy":"post_tag","embeddable":true,"href":"https:\/\/kg-saarland.gdpbundespolizeikoblenz.de\/index.php?rest_route=%2Fwp%2Fv2%2Ftags&post=932"}],"curies":[{"name":"wp","href":"https:\/\/api.w.org\/{rel}","templated":true}]}}