{"id":952,"date":"2012-02-05T05:09:25","date_gmt":"2012-02-05T03:09:25","guid":{"rendered":"http:\/\/kg-saarland.gdp-bundespolizei.de\/2012\/02\/05\/tarifverhandlungen-2012-klare-forderungen\/"},"modified":"2012-02-05T05:09:25","modified_gmt":"2012-02-05T03:09:25","slug":"tarifverhandlungen-2012-klare-forderungen","status":"publish","type":"post","link":"https:\/\/kg-saarland.gdpbundespolizeikoblenz.de\/?p=952","title":{"rendered":"Tarifverhandlungen 2012: Klare Forderungen!"},"content":{"rendered":"<p><img loading=\"lazy\" decoding=\"async\" class=\"alignleft\" style=\"margin: 5px;\" src=\"http:\/\/kg-saarland.gdp-bundespolizei.de\/wp-content\/uploads\/2012\/02\/wahllogo_gdp_bpol_2012.thumbnail.jpg\" alt=\"KLARtext Reden\" width=\"128\" height=\"36\" \/><strong>Die Forderungen f\u00fcr die Beamtenbesoldungsrunde 2012:<\/strong><\/p>\n<p>1. eine lineare Erh\u00f6hung der Einkommen der aktiven Beamten und der Pension\u00e4re um 7 Prozent<\/p>\n<p>2. ein zus\u00e4tzlicher Festbetrag in der gleichen H\u00f6he, wie ihn die Gro\u00dfe Tarifkommission f\u00fcr die Arbeitnehmerinnen und Arbeitnehmer fordert<\/p>\n<p>3. die zeit- und inhaltsgleiche \u00dcbernahme des auszuhandelnden Tarifergebnisses der Arbeitnehmer des Bundes auf die Besoldung und Versorgung der Bundesbeamten und Ruhestandsbeamten des Bundes<\/p>\n<p>4. die Verk\u00fcrzung der Wochenarbeitszeit der Bundesbeamtinnen und Bundesbeamten auf das Arbeitszeitniveau der Arbeitnehmerinnen und Arbeitnehmer<\/p>\n<p>5. eine Laufzeit von lediglich 12 Monaten und keine Aufsplitterung der linearen Steigerungss\u00e4tze auf mehrere Stufen<\/p>\n<p>Weitere Infos unter: <a title=\"http:\/\/www.gdpbundespolizei.de\/2012\/02\/klare-forderungen-auch-fur-die-beamten-ver-di-und-gdp-starten-in-die-gemeinsame-tarif-und-besoldungsrunde-2012-fur-arbeitnehmer-und-beamte\/\" href=\"http:\/\/www.gdpbundespolizei.de\/2012\/02\/klare-forderungen-auch-fur-die-beamten-ver-di-und-gdp-starten-in-die-gemeinsame-tarif-und-besoldungsrunde-2012-fur-arbeitnehmer-und-beamte\/\" target=\"_blank\">www.gdp-bundespolizei.de<\/a><\/p>\n","protected":false},"excerpt":{"rendered":"<p>Die Forderungen f\u00fcr die Beamtenbesoldungsrunde 2012: 1. eine lineare Erh\u00f6hung der Einkommen der aktiven Beamten und der Pension\u00e4re um 7 Prozent 2. ein zus\u00e4tzlicher Festbetrag in der gleichen H\u00f6he, wie ihn die Gro\u00dfe Tarifkommission f\u00fcr die Arbeitnehmerinnen und Arbeitnehmer fordert 3. die zeit- und inhaltsgleiche \u00dcbernahme des auszuhandelnden Tarifergebnisses der <a class=\"more-link\" href=\"https:\/\/kg-saarland.gdpbundespolizeikoblenz.de\/?p=952\">Weiterlesen<span class=\"screen-reader-text\">Tarifverhandlungen 2012: Klare Forderungen!<\/span><span class=\"meta-nav\">&rarr;<\/span><\/a><\/p>\n","protected":false},"author":1,"featured_media":0,"comment_status":"closed","ping_status":"closed","sticky":false,"template":"","format":"standard","meta":{"footnotes":""},"categories":[25,1],"tags":[],"class_list":["post-952","post","type-post","status-publish","format-standard","hentry","category-tarif","category-uncategorized"],"_links":{"self":[{"href":"https:\/\/kg-saarland.gdpbundespolizeikoblenz.de\/index.php?rest_route=\/wp\/v2\/posts\/952","targetHints":{"allow":["GET"]}}],"collection":[{"href":"https:\/\/kg-saarland.gdpbundespolizeikoblenz.de\/index.php?rest_route=\/wp\/v2\/posts"}],"about":[{"href":"https:\/\/kg-saarland.gdpbundespolizeikoblenz.de\/index.php?rest_route=\/wp\/v2\/types\/post"}],"author":[{"embeddable":true,"href":"https:\/\/kg-saarland.gdpbundespolizeikoblenz.de\/index.php?rest_route=\/wp\/v2\/users\/1"}],"replies":[{"embeddable":true,"href":"https:\/\/kg-saarland.gdpbundespolizeikoblenz.de\/index.php?rest_route=%2Fwp%2Fv2%2Fcomments&post=952"}],"version-history":[{"count":0,"href":"https:\/\/kg-saarland.gdpbundespolizeikoblenz.de\/index.php?rest_route=\/wp\/v2\/posts\/952\/revisions"}],"wp:attachment":[{"href":"https:\/\/kg-saarland.gdpbundespolizeikoblenz.de\/index.php?rest_route=%2Fwp%2Fv2%2Fmedia&parent=952"}],"wp:term":[{"taxonomy":"category","embeddable":true,"href":"https:\/\/kg-saarland.gdpbundespolizeikoblenz.de\/index.php?rest_route=%2Fwp%2Fv2%2Fcategories&post=952"},{"taxonomy":"post_tag","embeddable":true,"href":"https:\/\/kg-saarland.gdpbundespolizeikoblenz.de\/index.php?rest_route=%2Fwp%2Fv2%2Ftags&post=952"}],"curies":[{"name":"wp","href":"https:\/\/api.w.org\/{rel}","templated":true}]}}