{"id":987,"date":"2012-05-03T08:57:05","date_gmt":"2012-05-03T06:57:05","guid":{"rendered":"http:\/\/kg-saarland.gdpbundespolizei.de\/?p=749"},"modified":"2012-05-03T08:57:05","modified_gmt":"2012-05-03T06:57:05","slug":"info-post-4-der-dg-koblenz","status":"publish","type":"post","link":"https:\/\/kg-saarland.gdpbundespolizeikoblenz.de\/?p=987","title":{"rendered":"Info-Post 4 der DG Koblenz"},"content":{"rendered":"<div id=\"post-538\" class=\"post\">\n<p><small><br \/>\nThemenbereich: <a title=\"Alle Artikel in Info-Post DG KO ansehen\" href=\"http:\/\/dir-koblenz.gdpbundespolizei.de\/category\/info-post-dg-ko\/\" rel=\"category tag\">Info-Post DG KO<\/a>, <a title=\"Alle Artikel in Mitgliederbereich ansehen\" href=\"http:\/\/dir-koblenz.gdpbundespolizei.de\/category\/mitgliederbereich\/\" rel=\"category tag\">Mitgliederbereich<\/a> |<br \/>\n<a title=\"Drucken\" href=\"http:\/\/dir-koblenz.gdpbundespolizei.de\/2012\/04\/18\/info-post-4-der-dg-koblenz\/print\/\" target=\"_blank\" rel=\"nofollow\">Drucken<\/a><br \/>\n<\/small><\/p>\n<div class=\"entry\">\n<p><span style=\"font-family: Arial, sans-serif;\"><a href=\"http:\/\/dir-koblenz.gdpbundespolizei.de\/wp-content\/uploads\/2012\/03\/dg-ko.jpg\"><img loading=\"lazy\" decoding=\"async\" class=\"alignleft size-full wp-image-487\" style=\"margin: 10px;\" title=\"dg-ko\" src=\"http:\/\/dir-koblenz.gdpbundespolizei.de\/wp-content\/uploads\/2012\/03\/dg-ko.jpg\" alt=\"\" width=\"394\" height=\"393\" \/><\/a>Liebe Kolleginnen und Kollegen,<\/span><\/p>\n<p>&nbsp;<\/p>\n<p><span style=\"font-family: Arial, sans-serif;\">heute informieren wir euch mit der letzten Info-Post vor den Personalratswahlen am 8. bis 10. Mai 2012 wie immer mit aktuellen Themen aus der Direktion Koblenz und unseren Inspektionen.<\/span><\/p>\n<p>&nbsp;<\/p>\n<p><strong style=\"font-family: Arial, sans-serif;\">Bef\u00f6rderungen<\/strong><\/p>\n<p align=\"JUSTIFY\"><span style=\"font-family: Arial, sans-serif;\">In der letzten Info-Post haben wir mitgeteilt, dass die Kassenanschl\u00e4ge f\u00fcr Bef\u00f6rderungen aus dem Haushalt 2012 noch beim Pr\u00e4sidium liegen. Mittlerweile sind sie in den Direktionen eingetroffen. Die Direktion Koblenz hat ihre Aufgaben dankenswerter Weise sehr schnell erledigt und die Bef\u00f6rderungsm\u00f6glichkeiten bereits im Intranet ver\u00f6ffentlicht. Somit k\u00f6nnen die Bef\u00f6rderungen \u2013 wie von der GdP gefordert \u2013 noch im April ausgesprochen werden.<\/span><\/p>\n<p align=\"JUSTIFY\"><span style=\"font-family: Arial, sans-serif;\"><strong>Personalverst\u00e4rkung f\u00fcr die Direktion Koblenz<\/strong><\/span><\/p>\n<p align=\"JUSTIFY\"><span style=\"font-family: Arial, sans-serif;\">Die Direktion Koblenz erh\u00e4lt Verst\u00e4rkung durch 30 Kolleginnen und Kollegen des 66. Studienjahrganges, welche Ende August 2012 die Laufbahnausbildung gD beenden.<\/span><\/p>\n<p align=\"JUSTIFY\"><span style=\"font-family: Arial, sans-serif;\">Die konkrete Verteilung in die BPOLI\u2019en Bexbach, Frankfurt, Kaiserslautern und Trier ist derzeit bei der Direktion Koblenz in der Planung.<\/span><\/p>\n<p align=\"JUSTIFY\"><span style=\"font-family: Arial, sans-serif;\"><strong>GdP-Pressekonferenz in Frankfurt\/M<\/strong><\/span><\/p>\n<p align=\"JUSTIFY\"><span style=\"font-family: Arial, sans-serif;\">Am Mittwoch den 02.05.2012 ab 13:00 wird von der GdP Bezirk Bundespolizei im Hauptbahnhof Frankfurt\/M eine Pressekonferenz durchgef\u00fchrt. <\/span><\/p>\n<p align=\"JUSTIFY\"><span style=\"font-family: Arial, sans-serif;\">Im Rahmen dieser Konferenz werden u.a. folgende Themen dargestellt: <\/span><\/p>\n<p align=\"JUSTIFY\"><span style=\"font-family: Arial, sans-serif;\">1. Arbeitsbelastung bei der Bundespolizei<\/span><\/p>\n<p align=\"JUSTIFY\"><span style=\"font-family: Arial, sans-serif;\">2. Gewalt gegen Polizeibeamte mit Darstellung der schlechten <\/span><\/p>\n<p align=\"JUSTIFY\"><span style=\"font-family: Arial, sans-serif;\">Einsatzbekleidung und K\u00f6rperschutzausstattungen bei der BPOLI <\/span><\/p>\n<p align=\"JUSTIFY\"><span style=\"font-family: Arial, sans-serif;\">Frankfurt\/M<\/span><\/p>\n<p align=\"JUSTIFY\"><span style=\"font-family: Arial, sans-serif;\">3. Darstellung der Arbeitsplatzsituation bei der Bundespolizeiinspektion <\/span><\/p>\n<p align=\"JUSTIFY\"><span style=\"font-family: Arial, sans-serif;\">Frankfurt\/M<\/span><\/p>\n<p align=\"JUSTIFY\"><span style=\"font-family: Arial, sans-serif;\">4. Darstellung der Fl\u00e4cheninspektion Frankfurt\/M mit der Wichtigkeitkeit der Reviere Limburg, Hanau, Darmstadt und Wiesbaden<\/span><\/p>\n<p align=\"JUSTIFY\"><span style=\"font-family: Arial, sans-serif;\">Die Pressekonferenz wird durchgef\u00fchrt von dem GdP Vorsitzenden Bezirk Bundespolizei: Josef Scheuring, dem GdP Vorsitzenden der Direktion Koblenz Roland Voss und dem GdP Vorsitzenden der Kreisgruppe Frankfurt\/M Reiner Bieker<\/span><\/p>\n<p>&nbsp;<\/p>\n<p><strong style=\"font-family: Arial, sans-serif;\">Vortragsveranstaltung \u201eDie Studie Klartext 2010<\/strong><\/p>\n<p align=\"JUSTIFY\"><span style=\"font-family: Arial, sans-serif;\">In Bezug auf die Arbeitsbelastung in der Bundespolizei m\u00f6chten wir noch auf die Vortragsveranstaltung der Stiftung der Demokratie Saarland in der Kooperation mit der GdP Bezirk Bundespolizei zur Vortragsveranstaltung der Studie von Professor Strohmeyer am 07. Mai 2012 hinweisen. <\/span><\/p>\n<p align=\"JUSTIFY\"><span style=\"font-family: Arial, sans-serif;\">N\u00e4heres unter folgenden Link: <\/span><span style=\"color: #0000ff;\"><span style=\"text-decoration: underline;\"><a href=\"http:\/\/dg-koblenz.gdp-bundespolizei.de\/\"><span style=\"font-family: Arial, sans-serif;\">http:\/\/dg-koblenz.gdp-bundespolizei.de<\/span><\/a><\/span><\/span><\/p>\n<p>&nbsp;<\/p>\n<p><strong style=\"font-family: Arial, sans-serif;\">Personalratswahlen 2012<\/strong><\/p>\n<p align=\"JUSTIFY\"><span style=\"font-family: Arial, sans-serif;\">In der Zeit von 08.-10.05.2012 finden Personalratswahlen in der Bundespolizei statt. Gew\u00e4hlt werden der Hauptpersonalrat, Bezirkspersonalrat, Gesamtpersonalrat und die \u00f6rtlichen Personalr\u00e4te. In der Kalenderwoche 16 werden die Wahlunterlagen verschickt. Damit deine Interessen gegen\u00fcber der Dienststelle weiterhin engagiert und mit Nachdruck vertreten werden, brauchen wir starke Personalvertretungen.<\/span><\/p>\n<p><span style=\"font-family: Arial, sans-serif;\">Eine hohe Wahlbeteiligung und ein gutes Ergebnis f\u00fcr die GdP-Vertreter verleihen unseren k\u00fcnftigen Forderungen Gewicht und zeigen, dass ihr hinter euren GdP \u2013 Personalr\u00e4ten steht und sie euer Vertrauen haben.<\/span><\/p>\n<p>&nbsp;<\/p>\n<p>&nbsp;<\/p>\n<p align=\"CENTER\"><span style=\"font-family: Arial, sans-serif;\"><strong>Deshalb am 8. bis 10. Mai 2012 auf Liste 1 die GdP w\u00e4hlen<\/strong><\/span><\/p>\n<div id=\"attachment_435\" class=\"wp-caption aligncenter\" style=\"width: 584px;\">\n<p><a href=\"http:\/\/dir-koblenz.gdpbundespolizei.de\/wp-content\/uploads\/2012\/02\/Wahllogo_GdP_BPOL_2012.jpg\"><img loading=\"lazy\" decoding=\"async\" class=\" wp-image-435 \" title=\"Wahllogo_GdP_BPOL_2012\" src=\"http:\/\/dir-koblenz.gdpbundespolizei.de\/wp-content\/uploads\/2012\/02\/Wahllogo_GdP_BPOL_2012-1024x292.jpg\" alt=\"Klartext Reden\" width=\"574\" height=\"163\" \/><\/a><\/p>\n<p class=\"wp-caption-text\">Klartext Reden<\/p>\n<\/div>\n<p>&nbsp;<\/p>\n<p align=\"JUSTIFY\"><span style=\"font-family: Arial, sans-serif;\"><strong>Eure<br \/>\nGdP-Direktionsgruppe Koblenz<\/strong><\/span><\/p>\n<\/div>\n<\/div>\n","protected":false},"excerpt":{"rendered":"<p>Themenbereich: Info-Post DG KO, Mitgliederbereich | Drucken Liebe Kolleginnen und Kollegen, &nbsp; heute informieren wir euch mit der letzten Info-Post vor den Personalratswahlen am 8. bis 10. Mai 2012 wie immer mit aktuellen Themen aus der Direktion Koblenz und unseren Inspektionen. &nbsp; Bef\u00f6rderungen In der letzten Info-Post haben wir mitgeteilt, <a class=\"more-link\" href=\"https:\/\/kg-saarland.gdpbundespolizeikoblenz.de\/?p=987\">Weiterlesen<span class=\"screen-reader-text\">Info-Post 4 der DG Koblenz<\/span><span class=\"meta-nav\">&rarr;<\/span><\/a><\/p>\n","protected":false},"author":1,"featured_media":0,"comment_status":"open","ping_status":"closed","sticky":false,"template":"","format":"standard","meta":{"footnotes":""},"categories":[21,1],"tags":[],"class_list":["post-987","post","type-post","status-publish","format-standard","hentry","category-mitgliederbereich","category-uncategorized"],"_links":{"self":[{"href":"https:\/\/kg-saarland.gdpbundespolizeikoblenz.de\/index.php?rest_route=\/wp\/v2\/posts\/987","targetHints":{"allow":["GET"]}}],"collection":[{"href":"https:\/\/kg-saarland.gdpbundespolizeikoblenz.de\/index.php?rest_route=\/wp\/v2\/posts"}],"about":[{"href":"https:\/\/kg-saarland.gdpbundespolizeikoblenz.de\/index.php?rest_route=\/wp\/v2\/types\/post"}],"author":[{"embeddable":true,"href":"https:\/\/kg-saarland.gdpbundespolizeikoblenz.de\/index.php?rest_route=\/wp\/v2\/users\/1"}],"replies":[{"embeddable":true,"href":"https:\/\/kg-saarland.gdpbundespolizeikoblenz.de\/index.php?rest_route=%2Fwp%2Fv2%2Fcomments&post=987"}],"version-history":[{"count":0,"href":"https:\/\/kg-saarland.gdpbundespolizeikoblenz.de\/index.php?rest_route=\/wp\/v2\/posts\/987\/revisions"}],"wp:attachment":[{"href":"https:\/\/kg-saarland.gdpbundespolizeikoblenz.de\/index.php?rest_route=%2Fwp%2Fv2%2Fmedia&parent=987"}],"wp:term":[{"taxonomy":"category","embeddable":true,"href":"https:\/\/kg-saarland.gdpbundespolizeikoblenz.de\/index.php?rest_route=%2Fwp%2Fv2%2Fcategories&post=987"},{"taxonomy":"post_tag","embeddable":true,"href":"https:\/\/kg-saarland.gdpbundespolizeikoblenz.de\/index.php?rest_route=%2Fwp%2Fv2%2Ftags&post=987"}],"curies":[{"name":"wp","href":"https:\/\/api.w.org\/{rel}","templated":true}]}}